{"id":1122,"date":"2011-06-29T11:04:54","date_gmt":"2011-06-29T10:04:54","guid":{"rendered":"http:\/\/www.loubatieres.fr\/?p=1122"},"modified":"2017-05-31T16:39:51","modified_gmt":"2017-05-31T15:39:51","slug":"le-bearn-regards-sur-un-patrimoine","status":"publish","type":"post","link":"https:\/\/www.loubatieres.fr\/?p=1122","title":{"rendered":"Le B\u00e9arn, <em>regards sur un patrimoine<\/em>"},"content":{"rendered":"<p style=\"text-align: justify;\">Ancienne province autonome rattach\u00e9e tardivement au royaume de France, pays de Gaston Ph\u00e9bus, de Jeanne d\u2019Albret et d\u2019Henri IV, la B\u00e9arn, domin\u00e9 par la silhouette du Pic du Midi d\u2019Ossau, rec\u00e8le un riche patrimoine, \u00e0 la hauteur de son histoire glorieuse et de ses paysages grandioses.<\/p>\n<div data-configid=\"2567587\/3111503\" style=\"width: 1920px; height: 921px;\" class=\"issuuembed\"><\/div>\n<p><script type=\"text\/javascript\" src=\"\/\/e.issuu.com\/embed.js\" async=\"true\"><\/script><\/p>\n<p style=\"text-align: justify;\">Le livre, largement illustr\u00e9 de photographies et de reproductions de documents d\u2019\u00e9poque, pr\u00e9sente cette richesse historique et cette diversit\u00e9 \u00e9cologique, dans toutes ses dimensions culturelles contemporaines.<\/p>\n<p style=\"text-align: center;\"><em><strong>Table des mati\u00e8res<\/strong><\/em><\/p>\n<p style=\"text-align: center;\"><em>\u00ab Le B\u00e9arn est un pays riche en souvenirs \u00bb <\/em> \u2013 Jean-Christophe Sanchez<br \/>\n<em>Ressources naturelles du B\u00e9arn<\/em> \u2013 Sylvia Robert<br \/>\n<em>Passages et cheminements \u00e0 travers les Pyr\u00e9n\u00e9es b\u00e9arnaises <\/em>\u2013 Alain Cazenave-Piarrot<\/p>\n<p style=\"text-align: center;\">Photographies d&rsquo;\u00c9tienne Follet<\/p>\n<p><span style=\"color: #000000;\"><strong>auteurs : Collectif (Alain-Cazenave-Piarrot, Sylvia Robert, Jean-Christophe Sanchez)<\/strong><\/span><\/p>\n<h5><span style=\"color: #888888; font-family: 'courier new', courier; font-size: small;\">reli\u00e9 sous jaquette \u2013 25 x 23,5 cm \u2013 138 pages \u2013 quadrichromie \u2013 juillet 2011 \u2013 15 euros \u2013&nbsp;<\/span><span style=\"color: #888888; font-family: 'courier new', courier; font-size: small;\">ISBN 978-2-86266-637-2<\/span><\/h5>\n","protected":false},"excerpt":{"rendered":"<p>Ancienne province autonome rattach\u00e9e tardivement au royaume de France, pays de Gaston Ph\u00e9bus, de Jeanne d\u2019Albret et d\u2019Henri IV, la B\u00e9arn, domin\u00e9 par la silhouette du Pic du Midi d\u2019Ossau, rec\u00e8le un riche patrimoine, \u00e0 la hauteur de son histoire glorieuse et de ses paysages grandioses. Le livre, largement illustr\u00e9 de photographies et de reproductions <a href=\"https:\/\/www.loubatieres.fr\/?p=1122\" class=\"more-link\">[&#8230;]<span class=\"screen-reader-text\">  Le B\u00e9arn, &lt;em&gt;regards sur un patrimoine&lt;\/em&gt;<\/span><\/a><\/p>\n","protected":false},"author":1,"featured_media":0,"comment_status":"open","ping_status":"open","sticky":false,"template":"","format":"standard","meta":[],"categories":[1515,1494,7],"tags":[744,800,789,802,808,790,794,803,796,431,807,792,798,797,805,806,801,799,793,795,804,791],"_links":{"self":[{"href":"https:\/\/www.loubatieres.fr\/index.php?rest_route=\/wp\/v2\/posts\/1122"}],"collection":[{"href":"https:\/\/www.loubatieres.fr\/index.php?rest_route=\/wp\/v2\/posts"}],"about":[{"href":"https:\/\/www.loubatieres.fr\/index.php?rest_route=\/wp\/v2\/types\/post"}],"author":[{"embeddable":true,"href":"https:\/\/www.loubatieres.fr\/index.php?rest_route=\/wp\/v2\/users\/1"}],"replies":[{"embeddable":true,"href":"https:\/\/www.loubatieres.fr\/index.php?rest_route=%2Fwp%2Fv2%2Fcomments&post=1122"}],"version-history":[{"count":0,"href":"https:\/\/www.loubatieres.fr\/index.php?rest_route=\/wp\/v2\/posts\/1122\/revisions"}],"wp:attachment":[{"href":"https:\/\/www.loubatieres.fr\/index.php?rest_route=%2Fwp%2Fv2%2Fmedia&parent=1122"}],"wp:term":[{"taxonomy":"category","embeddable":true,"href":"https:\/\/www.loubatieres.fr\/index.php?rest_route=%2Fwp%2Fv2%2Fcategories&post=1122"},{"taxonomy":"post_tag","embeddable":true,"href":"https:\/\/www.loubatieres.fr\/index.php?rest_route=%2Fwp%2Fv2%2Ftags&post=1122"}],"curies":[{"name":"wp","href":"https:\/\/api.w.org\/{rel}","templated":true}]}}