{"id":1433,"date":"2011-11-02T14:26:00","date_gmt":"2011-11-02T13:26:00","guid":{"rendered":"http:\/\/www.loubatieres.fr\/?p=1433"},"modified":"2012-02-14T09:59:18","modified_gmt":"2012-02-14T08:59:18","slug":"5-6-novembre-les-nouvelles-editions-loubatieres-a-vivons-livres-2011","status":"publish","type":"post","link":"https:\/\/www.loubatieres.fr\/?p=1433","title":{"rendered":"5 &#038; 6 novembre, les Nouvelles \u00c9ditions Loubati\u00e8res \u00e0 <em>Vivons Livres ! 2011<\/em>"},"content":{"rendered":"<p><a href=\"http:\/\/www.crl-midipyrenees.fr\/creation-et-vie-litteraires\/vivons-livres\/\"><img decoding=\"async\" loading=\"lazy\" class=\"alignleft\" style=\"border: 0pt none; margin-top: 3px; margin-bottom: 3px;\" title=\"Vivons livres 2011\" src=\"http:\/\/www.crl-midipyrenees.fr\/wp-content\/uploads\/2010\/04\/Visuel-VL-2011-OK-212x300.jpg\" alt=\"\" width=\"89\" height=\"123\" \/><\/a>Les <strong>Nouvelles \u00c9ditions Loubati\u00e8res<\/strong> seront pr\u00e9sentes au salon du livre de la r\u00e9gion Midi-Pyr\u00e9n\u00e9es qui se tiendra au centre des congr\u00e8s Pierre-Baudis \u00e0 Toulouse le samedi 5 novembre de 10 h \u00e0 20 h et le dimanche 6 de 10 h \u00e0 19h.<\/p>\n<p>&nbsp;<\/p>\n<p style=\"text-align: center;\"><em><span style=\"font-size: medium;\">Les auteurs suivants seront pr\u00e9sents pour d\u00e9dicacer leurs ouvrages :<\/span><\/em><\/p>\n<p style=\"text-align: left;\"><strong>Pierre Le Coz<\/strong>, 5 &amp; 6 novembre, apr\u00e8s-midi<strong><br \/>\nPierre Crausse<\/strong>, 5 novembre<br \/>\n<strong>Philippe Guillen<\/strong>, 5 &amp; 6 novembre, apr\u00e8s-midi<br \/>\n<strong>Violette et Juanito Marcos<\/strong>, 5 novembre, apr\u00e8s-midi<br \/>\n<strong>Jean-Loup Marfaing<\/strong>, 5 novembre, apr\u00e8s-midi<br \/>\n<strong>Fran\u00e7ois Vieillefosse<\/strong>, 6 novembre<br \/>\n<strong>Annie Wiedknett<\/strong>, 6 novembre, apr\u00e8s-midi<\/p>\n","protected":false},"excerpt":{"rendered":"<p>Les Nouvelles \u00c9ditions Loubati\u00e8res seront pr\u00e9sentes au salon du livre de la r\u00e9gion Midi-Pyr\u00e9n\u00e9es qui se tiendra au centre des congr\u00e8s Pierre-Baudis \u00e0 Toulouse le samedi 5 novembre de 10 h \u00e0 20 h et le dimanche 6 de 10 h \u00e0 19h. &nbsp; Les auteurs suivants seront pr\u00e9sents pour d\u00e9dicacer leurs ouvrages : Pierre <a href=\"https:\/\/www.loubatieres.fr\/?p=1433\" class=\"more-link\">[&#8230;]<span class=\"screen-reader-text\">  5 &#038; 6 novembre, les Nouvelles \u00c9ditions Loubati\u00e8res \u00e0 &lt;em&gt;Vivons Livres ! 2011&lt;\/em&gt;<\/span><\/a><\/p>\n","protected":false},"author":1,"featured_media":0,"comment_status":"open","ping_status":"open","sticky":false,"template":"","format":"standard","meta":[],"categories":[936],"tags":[],"_links":{"self":[{"href":"https:\/\/www.loubatieres.fr\/index.php?rest_route=\/wp\/v2\/posts\/1433"}],"collection":[{"href":"https:\/\/www.loubatieres.fr\/index.php?rest_route=\/wp\/v2\/posts"}],"about":[{"href":"https:\/\/www.loubatieres.fr\/index.php?rest_route=\/wp\/v2\/types\/post"}],"author":[{"embeddable":true,"href":"https:\/\/www.loubatieres.fr\/index.php?rest_route=\/wp\/v2\/users\/1"}],"replies":[{"embeddable":true,"href":"https:\/\/www.loubatieres.fr\/index.php?rest_route=%2Fwp%2Fv2%2Fcomments&post=1433"}],"version-history":[{"count":0,"href":"https:\/\/www.loubatieres.fr\/index.php?rest_route=\/wp\/v2\/posts\/1433\/revisions"}],"wp:attachment":[{"href":"https:\/\/www.loubatieres.fr\/index.php?rest_route=%2Fwp%2Fv2%2Fmedia&parent=1433"}],"wp:term":[{"taxonomy":"category","embeddable":true,"href":"https:\/\/www.loubatieres.fr\/index.php?rest_route=%2Fwp%2Fv2%2Fcategories&post=1433"},{"taxonomy":"post_tag","embeddable":true,"href":"https:\/\/www.loubatieres.fr\/index.php?rest_route=%2Fwp%2Fv2%2Ftags&post=1433"}],"curies":[{"name":"wp","href":"https:\/\/api.w.org\/{rel}","templated":true}]}}