{"id":1680,"date":"2012-04-02T09:07:00","date_gmt":"2012-04-02T08:07:00","guid":{"rendered":"http:\/\/www.loubatieres.fr\/?p=1680"},"modified":"2026-04-19T10:57:47","modified_gmt":"2026-04-19T09:57:47","slug":"la-nature-en-midi-pyrenees","status":"publish","type":"post","link":"https:\/\/www.loubatieres.fr\/?p=1680","title":{"rendered":"La nature en Midi-Pyr\u00e9n\u00e9es"},"content":{"rendered":"<p style=\"text-align: justify;\">La nature en Midi-Pyr\u00e9n\u00e9es offre une exceptionnelle diversit\u00e9 de paysages, de milieux, d\u2019esp\u00e8ces animales et v\u00e9g\u00e9tales. Haute montagne, causses et monts, plaines et coteaux, zones humides et cours d\u2019eau, sans oublier les espaces villageois et urbains, abritent une faune et une flore au sein de laquelle les esp\u00e8ces dites communes sont aussi \u00e9tonnantes et essentielles que les esp\u00e8ces rares ou end\u00e9miques.<\/p>\n<div data-configid=\"2567587\/4605241\" style=\"width: 1374px; height: 1000px;\" class=\"issuuembed\"><\/div>\n<p><script type=\"text\/javascript\" src=\"\/\/e.issuu.com\/embed.js\" async=\"true\"><\/script><\/p>\n<p style=\"text-align: justify;\">C\u2019est \u00e0 la d\u00e9couverte de cette pr\u00e9cieuse biodiversit\u00e9 que nous convie Jean Rami\u00e8re. Pic noir, tigre du platane, desman des Pyr\u00e9n\u00e9es, loir gris, nombril de V\u00e9nus, saule blanc, chevesne, vip\u00e8re p\u00e9liade, m\u00e9sange noire, loutre d\u2019Europe, orchis bouc, grenouille rousse, fritillaire pintade, pentanome ray\u00e9, grassette \u00e0 grandes fleurs, gerris\u2026 sont quelques-unes des nombreuses esp\u00e8ces d\u2019oiseaux, d\u2019insectes, de poissons, de reptiles, d\u2019arbres, de plantes, et d\u2019autres encore, rencontr\u00e9es dans ce livre. Pr\u00e8s de 300 photographies et dessins illustrent le propos, compl\u00e9t\u00e9 par un glossaire et une carte.<br \/>\nDans un style vivant et g\u00e9n\u00e9reux, Jean Rami\u00e8re nous fait partager ses connaissances, son exp\u00e9rience et sa passion. Ce livre est une invitation \u00e0 arpenter les chemins de Midi-Pyr\u00e9n\u00e9es sur les traces d\u2019une nature accessible \u00e0 tous.<\/p>\n<p style=\"text-align: justify;\"><em>Jean Rami\u00e8re est ornithologue, naturaliste charg\u00e9 de mission au sein de l\u2019Association Nature Midi-Pyr\u00e9n\u00e9es depuis 2006. Il est l\u2019auteur du chapitre \u00ab La nature en ville \u00bb dans l\u2019ouvrage <\/em>Toulouse, patrimoine et art de vivre<em> (Loubati\u00e8res 2007) et des encarts relatifs \u00e0 la nature dans l\u2019ouvrage <\/em>La Garonne<em> (Loubati\u00e8res 2011). Il a \u00e9galement coordonn\u00e9, avec Sylvain Fr\u00e9maux, <\/em>L\u2019Atlas des oiseaux nicheurs de Midi-Pyr\u00e9n\u00e9es<em> (co\u00e9dition Delachaux et Niestl\u00e9\/Nature Midi-Pyr\u00e9n\u00e9es, 2012).<\/em><\/p>\n<p style=\"text-align: justify;\"><strong>auteur : Jean Rami\u00e8re<br \/>\ndessins<strong> :<\/strong> Pierrette Blaise<\/strong><\/p>\n<h5 style=\"text-align: justify;\"><span style=\"color: #888888; font-family: 'courier new', courier; font-size: small;\">cousu avec rabats \u2013 16,5 x 24 cm \u2013 192 pages \u2013 avril 2012 \u2013 12 euros<\/span><br \/>\n<span style=\"color: #888888; font-family: 'courier new', courier; font-size: small;\"> ISBN 978-2-86266-661-7<\/span><\/h5>\n<p>&nbsp;<\/p>\n<p><strong>Revue de presse<\/strong><\/p>\n<ul>\n<li><a href=\"http:\/\/www.loubatieres.fr\/?p=1828\">\u00ab\u00a0La Nature en Midi-Pyr\u00e9n\u00e9es\u00a0\u00bb<\/a><\/li>\n<li><a href=\"http:\/\/www.loubatieres.fr\/?p=1770\">La \u00ab\u00a0bible\u00a0\u00bb de l&rsquo;ornithologue midi-pyr\u00e9n\u00e9en Jean Rami\u00e8re<\/a><\/li>\n<\/ul>\n<p><strong>Dans la m\u00eame collection<\/strong><\/p>\n<ul>\n<li><a href=\"http:\/\/www.loubatieres.fr\/?p=3193\">La Nature en Languedoc-Roussillon<\/a><\/li>\n<li><a href=\"http:\/\/www.loubatieres.fr\/?p=3431\">La Nature en Corse<\/a><\/li>\n<\/ul>\n","protected":false},"excerpt":{"rendered":"<p>La nature en Midi-Pyr\u00e9n\u00e9es offre une exceptionnelle diversit\u00e9 de paysages, de milieux, d\u2019esp\u00e8ces animales et v\u00e9g\u00e9tales. Haute montagne, causses et monts, plaines et coteaux, zones humides et cours d\u2019eau, sans oublier les espaces villageois et urbains, abritent une faune et une flore au sein de laquelle les esp\u00e8ces dites communes sont aussi \u00e9tonnantes et essentielles <a href=\"https:\/\/www.loubatieres.fr\/?p=1680\" class=\"more-link\">[&#8230;]<span class=\"screen-reader-text\">  La nature en Midi-Pyr\u00e9n\u00e9es<\/span><\/a><\/p>\n","protected":false},"author":1,"featured_media":0,"comment_status":"open","ping_status":"open","sticky":false,"template":"","format":"standard","meta":[],"categories":[1515,1494,7],"tags":[1149,1152,1153,506,1366],"_links":{"self":[{"href":"https:\/\/www.loubatieres.fr\/index.php?rest_route=\/wp\/v2\/posts\/1680"}],"collection":[{"href":"https:\/\/www.loubatieres.fr\/index.php?rest_route=\/wp\/v2\/posts"}],"about":[{"href":"https:\/\/www.loubatieres.fr\/index.php?rest_route=\/wp\/v2\/types\/post"}],"author":[{"embeddable":true,"href":"https:\/\/www.loubatieres.fr\/index.php?rest_route=\/wp\/v2\/users\/1"}],"replies":[{"embeddable":true,"href":"https:\/\/www.loubatieres.fr\/index.php?rest_route=%2Fwp%2Fv2%2Fcomments&post=1680"}],"version-history":[{"count":1,"href":"https:\/\/www.loubatieres.fr\/index.php?rest_route=\/wp\/v2\/posts\/1680\/revisions"}],"predecessor-version":[{"id":6626,"href":"https:\/\/www.loubatieres.fr\/index.php?rest_route=\/wp\/v2\/posts\/1680\/revisions\/6626"}],"wp:attachment":[{"href":"https:\/\/www.loubatieres.fr\/index.php?rest_route=%2Fwp%2Fv2%2Fmedia&parent=1680"}],"wp:term":[{"taxonomy":"category","embeddable":true,"href":"https:\/\/www.loubatieres.fr\/index.php?rest_route=%2Fwp%2Fv2%2Fcategories&post=1680"},{"taxonomy":"post_tag","embeddable":true,"href":"https:\/\/www.loubatieres.fr\/index.php?rest_route=%2Fwp%2Fv2%2Ftags&post=1680"}],"curies":[{"name":"wp","href":"https:\/\/api.w.org\/{rel}","templated":true}]}}