{"id":2399,"date":"2012-10-23T12:35:55","date_gmt":"2012-10-23T11:35:55","guid":{"rendered":"http:\/\/www.loubatieres.fr\/?p=2399"},"modified":"2015-12-09T17:21:48","modified_gmt":"2015-12-09T16:21:48","slug":"voyages-pittoresques-et-romantiques-du-baron-taylor-languedoc-t-i-toulouse-albi","status":"publish","type":"post","link":"https:\/\/www.loubatieres.fr\/?p=2399","title":{"rendered":"Voyages pittoresques et romantiques du baron Taylor \u2013 Languedoc t. I (Toulouse, Albi)"},"content":{"rendered":"<p style=\"text-align: justify;\"><em>Lithographies choisies et comment\u00e9es\u00a0par Louis Peyrusse<br \/>\n<\/em><\/p>\n<p style=\"text-align: justify;\">Entre 1820 et 1878, le baron Isidore Taylor, assist\u00e9 de Charles Nodier et Alphonse de Cailleux,\u00a0r\u00e9alise les vingt volumes des <em>Voyages pittoresques et romantiques dans l\u2019ancienne France<\/em>.\u00a0Les lithographies r\u00e9unies dans chaque volume repr\u00e9sentent aussi bien des monuments\u00a0civils, militaires et religieux que des paysages ou des sc\u00e8nes de la vie quotidienne de la\u00a0France de l\u2019\u00e9poque. Ce travail monumental est un t\u00e9moignage pr\u00e9cieux de la situation du\u00a0patrimoine b\u00e2ti en France dans la premi\u00e8re moiti\u00e9 du XIX<sup>e<\/sup> si\u00e8cle, en partie disparu. Il a \u00e9galement\u00a0ouvert la voie d\u2019un changement de perspective dans le regard port\u00e9 sur ces \u00e9difices,\u00a0les sortant du cadre purement fonctionnel pour les int\u00e9grer dans le champ de la conscience\u00a0collective nationale.<\/p>\n<p style=\"text-align: justify;\">De cet inventaire patrimonial et paysager, aucune \u00e9dition jusqu\u2019ici n\u2019avait pr\u00e9sent\u00e9\u00a0la totalit\u00e9 des lithographies rassembl\u00e9es par aires g\u00e9ographiques continues.<\/p>\n<p style=\"text-align: justify;\">Chaque volume de cette nouvelle \u00e9dition raisonn\u00e9e des <em>Voyages pittoresques <\/em>pr\u00e9sente\u00a0une s\u00e9lection des vues les plus remarquables accompagn\u00e9es d\u2019une notice d\u00e9velopp\u00e9e,\u00a0et reproduit l\u2019ensemble des lithographies relatives aux d\u00e9partements \u00e9tudi\u00e9s.<\/p>\n<p style=\"text-align: justify;\"><strong>Le pr\u00e9sent volume <\/strong>r\u00e9unit les lithographies consacr\u00e9es aux villes de Toulouse et d\u2019Albi,\u00a0ainsi qu\u2019une pr\u00e9sentation de l\u2019oeuvre de Taylor, des moyens mis en oeuvre pour la r\u00e9aliser\u00a0et de son importance pour la connaissance du patrimoine languedocien.<\/p>\n<p><strong>auteur : Louis Peyrusse<\/strong><\/p>\n<h5><span style=\"color: #888888; font-family: 'courier new', courier; font-size: small;\">cousu avec rabats \u2013 21 x 27 cm \u2013 96 pages \u2013 novembre 2012 \u2013 25 euros \u2013\u00a0<\/span><span style=\"color: #888888; font-family: 'courier new', courier; font-size: small;\">ISBN 978-2-86266-660-X<\/span><\/h5>\n<p>http:\/\/http:\/\/issuu.com\/loubatieres\/docs\/taylor_languedoc_1_toulouse_albi<\/p>\n<table border=\"0\" cellspacing=\"0\">\n<caption><strong>Listes des lithographies comment\u00e9es dans l&rsquo;ouvrage :\u00a0 <\/strong><\/caption>\n<tbody>\n<tr style=\"height: 50px;\">\n<td align=\"center\" valign=\"top\"><span style=\"font-family: arial, helvetica, sans-serif; font-size: x-small;\">\u00a0Ch\u0153ur de l\u2019\u00e9glise de Saint-\u00c9tienne \u00e0 Toulouse<\/span> <span style=\"font-family: arial, helvetica, sans-serif; font-size: x-small;\">Les orgues de Saint-\u00c9tienne \u00e0 Toulouse<\/span> <span style=\"font-family: arial, helvetica, sans-serif; font-size: x-small;\">Vue de la nef de l\u2019\u00e9glise de Saint-\u00c9tienne \u00e0 Toulouse<\/span><br \/>\n<span style=\"font-family: arial, helvetica, sans-serif; font-size: x-small;\">Plan de l\u2019\u00e9glise Saint-\u00c9tienne \u00e0 Toulouse<\/span><br \/>\n<span style=\"font-family: arial, helvetica, sans-serif; font-size: x-small;\">Place Saint-\u00c9tienne \u00e0 Toulouse<\/span><br \/>\n<span style=\"font-family: arial, helvetica, sans-serif; font-size: x-small;\">Vue g\u00e9n\u00e9rale ext\u00e9rieure de Saint-Saturnin \u00e0 Toulouse<\/span><br \/>\n<span style=\"font-family: arial, helvetica, sans-serif; font-size: x-small;\">Vue ext\u00e9rieure d\u2019une partie de l\u2019abside de Saint-Saturnin \u00e0 Toulouse<\/span><br \/>\n<span style=\"font-family: arial, helvetica, sans-serif; font-size: x-small;\">Porte de l\u2019un des bas-c\u00f4t\u00e9s de la nef de Saint-Saturnin \u00e0 Toulouse<\/span><br \/>\n<span style=\"font-family: arial, helvetica, sans-serif; font-size: x-small;\">Ch\u0153ur de Saint-Saturnin \u00e0 Toulouse<\/span><br \/>\n<span style=\"font-family: arial, helvetica, sans-serif; font-size: x-small;\">Saint-Sernin, vue des croisillons \u00e0 Toulouse<\/span><br \/>\n<span style=\"font-family: arial, helvetica, sans-serif; font-size: x-small;\">Galerie sup\u00e9rieure du croisillon m\u00e9ridional. \u00c9glise de Saint-Saturnin \u00e0 Toulouse<\/span><br \/>\n<span style=\"font-family: arial, helvetica, sans-serif; font-size: x-small;\">Vue g\u00e9n\u00e9rale int\u00e9rieure de l\u2019abside de Saint-Saturnin \u00e0 Toulouse<\/span><br \/>\n<span style=\"font-family: arial, helvetica, sans-serif; font-size: x-small;\">Galerie sup\u00e9rieure de la nef de Saint-Saturnin \u00e0 Toulouse<\/span><br \/>\n<span style=\"font-family: arial, helvetica, sans-serif; font-size: x-small;\">Vue ext\u00e9rieure du clo\u00eetre et de l\u2019\u00e9glise des Jacobins \u00e0 Toulouse<\/span><br \/>\n<span style=\"font-family: arial, helvetica, sans-serif; font-size: x-small;\">Int\u00e9rieur de l\u2019\u00e9glise des Jacobins \u00e0 Toulouse<\/span><br \/>\n<span style=\"font-family: arial, helvetica, sans-serif; font-size: x-small;\">Mus\u00e9e de Toulouse 1831. Clo\u00eetre des Augustins. C\u00f4t\u00e9 de l\u2019Est<\/span><br \/>\n<span style=\"font-family: arial, helvetica, sans-serif; font-size: x-small;\">H\u00f4tel d\u2019Ass\u00e9zat \u00e0 Toulouse<\/span><br \/>\n<span style=\"font-family: arial, helvetica, sans-serif; font-size: x-small;\">Cour de l\u2019h\u00f4tel d\u2019Ass\u00e9zat \u00e0 Toulouse<\/span><br \/>\n<span style=\"font-family: arial, helvetica, sans-serif; font-size: x-small;\">Cour du coll\u00e8ge, rue des Balances \u00e0 Toulouse<\/span><br \/>\n<span style=\"font-family: arial, helvetica, sans-serif; font-size: x-small;\">Cour du Palais du Capitole \u00e0 Toulouse<\/span><br \/>\n<span style=\"font-family: arial, helvetica, sans-serif; font-size: x-small;\">Portail de la premi\u00e8re cour du palais du Capitole \u00e0 Toulouse<\/span><br \/>\n<span style=\"font-family: arial, helvetica, sans-serif; font-size: x-small;\">Seconde cour du Capitole \u00e0 Toulouse<\/span><br \/>\n<span style=\"font-family: arial, helvetica, sans-serif; font-size: x-small;\">Capitole de Toulouse, cour du donjon<\/span><br \/>\n<span style=\"font-family: arial, helvetica, sans-serif; font-size: x-small;\">Salle du petit Consistoire. Capitole de Toulouse<\/span><br \/>\n<span style=\"font-family: arial, helvetica, sans-serif; font-size: x-small;\">Escalier de l\u2019Arsenal \u00e0 Toulouse<\/span><br \/>\n<span style=\"font-family: arial, helvetica, sans-serif; font-size: x-small;\">Portail de l\u2019Arsenal, 3e cour du Capitole \u00e0 Toulouse<\/span><br \/>\n<span style=\"font-family: arial, helvetica, sans-serif; font-size: x-small;\">La Commutation \u00e0 Toulouse<\/span><br \/>\n<span style=\"font-family: arial, helvetica, sans-serif; font-size: x-small;\">H\u00f4tel Catelan \u00e0 Toulouse<br \/>\n<\/span><span style=\"font-family: arial, helvetica, sans-serif; font-size: x-small;\">Porte de l\u2019h\u00f4tel Catelan\u00a0<\/span><\/td>\n<td align=\"center\" valign=\"top\"><span style=\"font-size: x-small; font-family: arial, helvetica, sans-serif;\">\u00a0H\u00f4tel du pr\u00e9sident de Clary \u00e0 Toulouse<br \/>\nH\u00f4tel Maynier (Lasbordes) \u00e0 Toulouse<br \/>\nH\u00f4tel Maynier, porte d\u2019entr\u00e9e dans la cour \u00e0 Toulouse<br \/>\nTombeau derri\u00e8re l\u2019ancienne \u00e9glise Saint-Pierre \u00e0 Toulouse<br \/>\nPortail de l\u2019\u00e9glise de la Dalbade \u00e0 Toulouse<br \/>\nRue des Couteliers \u00e0 Toulouse<br \/>\nPont de Toulouse<br \/>\nVue g\u00e9n\u00e9rale d\u2019Albi<br \/>\nGrande place d\u2019Albi<br \/>\nClo\u00eetre de Saint-Salvy \u00e0 Albi<br \/>\nSaint-Salvy<br \/>\nPorte ext\u00e9rieure de l\u2019\u00e9glise de Sainte-C\u00e9cile d\u2019Albi C\u00f4t\u00e9 du sud<br \/>\nGrand porche de l\u2019\u00e9glise Sainte-C\u00e9cile d\u2019Albi<br \/>\nJub\u00e9 de l\u2019\u00e9glise de Sainte-C\u00e9cile d\u2019Albi<br \/>\nAbside de sainte-C\u00e9cile d\u2019Albi<br \/>\nVue accidentelle du jub\u00e9 et de la nef de l\u2019\u00e9glise Sainte-C\u00e9cile d\u2019Albi<br \/>\nSainte-C\u00e9cile d\u2019Albi. Ext\u00e9rieur du ch\u0153ur<br \/>\nSainte-C\u00e9cile d\u2019Albi. Porte du ch\u0153ur<br \/>\nCh\u0153ur de l\u2019\u00e9glise Sainte-C\u00e9cile d\u2019Albi<br \/>\nVue g\u00e9n\u00e9rale du ch\u0153ur et du ma\u00eetre-autel de l\u2019\u00e9glise de Sainte-C\u00e9cile d\u2019Albi<br \/>\nVillage et ch\u00e2teau de Castelnau-de-Levis<br \/>\nRuines de Castelnau-de-Levis<br \/>\nPorte lat\u00e9rale de l\u2019\u00e9glise de Burlats<br \/>\n\u00c9glise de Burlats<br \/>\nMaison \u00e0 Burlats<br \/>\nInt\u00e9rieur de l\u2019\u00e9glise Saint-Michel de l\u2019Escure (Lescure-d\u2019Albigeois)<br \/>\nD\u00e9tails du portail de l\u2019\u00e9glise Saint-Michel de Lescure (Lescure-d\u2019Albigeois)<br \/>\nNotre Dame de la Dr\u00e8che (Lescure-d\u2019Albigeois)\u00a0<\/span><\/td>\n<\/tr>\n<\/tbody>\n<\/table>\n<p>&nbsp;<\/p>\n<p><strong>Dans la m\u00eame collection<\/strong><\/p>\n<ul>\n<li><a href=\"http:\/\/www.loubatieres.fr\/?p=1732\">Voyages pittoresques et romantiques du baron Taylor \u2013 Languedoc t. II (Aude \u2013 Pyr\u00e9n\u00e9es-Orientales)<\/a><\/li>\n<li><a href=\"http:\/\/www.loubatieres.fr\/?p=1992\">Voyages pittoresques et romantiques du baron Taylor \u2013 Languedoc t. III (Pyr\u00e9n\u00e9es)<\/a><\/li>\n<li><a href=\"http:\/\/www.loubatieres.fr\/?p=3034\">Voyages pittoresques et romantiques du baron Taylor \u2013 Languedoc t. IV (Gard, H\u00e9rault, Ard\u00e8che)<\/a><\/li>\n<\/ul>\n<p><strong><br \/>\n<\/strong><\/p>\n","protected":false},"excerpt":{"rendered":"<p>Lithographies choisies et comment\u00e9es\u00a0par Louis Peyrusse Entre 1820 et 1878, le baron Isidore Taylor, assist\u00e9 de Charles Nodier et Alphonse de Cailleux,\u00a0r\u00e9alise les vingt volumes des Voyages pittoresques et romantiques dans l\u2019ancienne France.\u00a0Les lithographies r\u00e9unies dans chaque volume repr\u00e9sentent aussi bien des monuments\u00a0civils, militaires et religieux que des paysages ou des sc\u00e8nes de la vie <a href=\"https:\/\/www.loubatieres.fr\/?p=2399\" class=\"more-link\">[&#8230;]<span class=\"screen-reader-text\">  Voyages pittoresques et romantiques du baron Taylor \u2013 Languedoc t. I (Toulouse, Albi)<\/span><\/a><\/p>\n","protected":false},"author":1,"featured_media":0,"comment_status":"open","ping_status":"open","sticky":false,"template":"","format":"standard","meta":[],"categories":[1515,1494,7],"tags":[1160,1338,1216,1248],"_links":{"self":[{"href":"https:\/\/www.loubatieres.fr\/index.php?rest_route=\/wp\/v2\/posts\/2399"}],"collection":[{"href":"https:\/\/www.loubatieres.fr\/index.php?rest_route=\/wp\/v2\/posts"}],"about":[{"href":"https:\/\/www.loubatieres.fr\/index.php?rest_route=\/wp\/v2\/types\/post"}],"author":[{"embeddable":true,"href":"https:\/\/www.loubatieres.fr\/index.php?rest_route=\/wp\/v2\/users\/1"}],"replies":[{"embeddable":true,"href":"https:\/\/www.loubatieres.fr\/index.php?rest_route=%2Fwp%2Fv2%2Fcomments&post=2399"}],"version-history":[{"count":0,"href":"https:\/\/www.loubatieres.fr\/index.php?rest_route=\/wp\/v2\/posts\/2399\/revisions"}],"wp:attachment":[{"href":"https:\/\/www.loubatieres.fr\/index.php?rest_route=%2Fwp%2Fv2%2Fmedia&parent=2399"}],"wp:term":[{"taxonomy":"category","embeddable":true,"href":"https:\/\/www.loubatieres.fr\/index.php?rest_route=%2Fwp%2Fv2%2Fcategories&post=2399"},{"taxonomy":"post_tag","embeddable":true,"href":"https:\/\/www.loubatieres.fr\/index.php?rest_route=%2Fwp%2Fv2%2Ftags&post=2399"}],"curies":[{"name":"wp","href":"https:\/\/api.w.org\/{rel}","templated":true}]}}