{"id":3034,"date":"2012-12-14T16:15:13","date_gmt":"2012-12-14T15:15:13","guid":{"rendered":"http:\/\/www.loubatieres.fr\/?p=3034"},"modified":"2015-12-09T16:54:12","modified_gmt":"2015-12-09T15:54:12","slug":"voyages-pittoresques-et-romantiques-du-baron-taylor-languedoc-t-i-gard-herault-ardeche","status":"publish","type":"post","link":"https:\/\/www.loubatieres.fr\/?p=3034","title":{"rendered":"Voyages pittoresques et romantiques du baron Taylor \u2013 Languedoc t. IV (Gard, H\u00e9rault, Ard\u00e8che)"},"content":{"rendered":"<p><em>Lithographies choisies et comment\u00e9es\u00a0par Dominique Dieltiens<br \/>\n<\/em><\/p>\n<p style=\"text-align: justify;\">Entre\u00a01820 et\u00a01878, le baron Isidore Taylor, assist\u00e9 de Charles Nodier et Alphonse de Cailleux, r\u00e9alise les vingt volumes des <em>Voyages pittoresques et romantiques dans l\u2019ancienne France<\/em>. Les lithographies r\u00e9unies dans chaque volume repr\u00e9sentent aussi bien des monuments civils, militaires et religieux que des paysages ou des sc\u00e8nes de la vie quotidienne de la France de l\u2019\u00e9poque. Ce travail monumental est un t\u00e9moignage pr\u00e9cieux de la situation du patrimoine b\u00e2ti en France dans la premi\u00e8re moiti\u00e9 du XIX<sup>e<\/sup>\u00a0si\u00e8cle, en partie disparu. Il a \u00e9galement ouvert la voie d\u2019un changement de perspective dans le regard port\u00e9 sur ces \u00e9difices, les sortant du cadre purement fonctionnel pour les int\u00e9grer dans le champ de la conscience collective nationale.<br \/>\nDe cet inventaire patrimonial et paysager, aucune \u00e9dition jusqu\u2019ici n\u2019avait pr\u00e9sent\u00e9 la totalit\u00e9 des lithographies rassembl\u00e9es par aires g\u00e9ographiques continues.<br \/>\nChaque volume de cette nouvelle \u00e9dition raisonn\u00e9e des <em>Voyages pittoresques<\/em> pr\u00e9sente une s\u00e9lection des vues les plus remarquables accompagn\u00e9es d\u2019une notice d\u00e9velopp\u00e9e, et reproduit l\u2019ensemble des lithographies relatives aux d\u00e9partements \u00e9tudi\u00e9s.<br \/>\nLe pr\u00e9sent volume r\u00e9unit les lithographies consacr\u00e9es aux d\u00e9partements du Gard, de l\u2019H\u00e9rault et de l\u2019Ard\u00e8che, avec notamment des vues de N\u00eemes, Villeneuve-lez-Avignon, Beaucaire, Saint-Gilles-du-Gard, Aigues-Mortes, B\u00e9ziers, Lod\u00e8ve, Montpellier, Agde, Minerve, Valmagne, Saint-Guilhem-le-D\u00e9sert, Saint-Pons-de-Thomi\u00e8res, Clermont-l\u2019H\u00e9rault, S\u00e8te, Viviers, Saint-And\u00e9ol, Rochemaure, Balazuc\u2026<\/p>\n<p><strong>auteur :\u00a0Dominique Dieltiens<\/strong><\/p>\n<h5><span style=\"font-size: small; font-family: 'courier new', courier;\"><span style=\"color: #888888;\" data-mce-mark=\"1\">cousu avec rabats \u2013 21 x 27 cm \u2013 96 pages \u2013 janvier 2013 \u2013 25 euros \u2013\u00a0<\/span><span style=\"color: #888888;\" data-mce-mark=\"1\">ISBN 978-2-86266-665-5<\/span><\/span><\/h5>\n<div data-url=\"https:\/\/issuu.com\/loubatieres\/docs\/taylor_languedoc_iv\" style=\"width: 1556px; height: 1000px;\" class=\"issuuembed\"><\/div>\n<p><script type=\"text\/javascript\" src=\"\/\/e.issuu.com\/embed.js\" async=\"true\"><\/script> <\/p>\n<p><strong>Du m\u00eame auteur<br \/>\n<\/strong><\/p>\n<ul>\n<li><a href=\"http:\/\/www.loubatieres.fr\/?p=1148\">Ch\u00e2teaux et forteresses du Midi<\/a><\/li>\n<\/ul>\n<p><strong>Dans la m\u00eame collection<\/strong><\/p>\n<ul>\n<li><a href=\"http:\/\/www.loubatieres.fr\/?p=2399\">Voyages pittoresques et romantiques du baron Taylor \u2013 Languedoc t. I (Toulouse, Albi)<\/a><\/li>\n<li><a href=\"http:\/\/www.loubatieres.fr\/?p=1732\">Voyages pittoresques et romantiques du baron Taylor \u2013 Languedoc t. II (Aude \u2013 Pyr\u00e9n\u00e9es-Orientales)<\/a><\/li>\n<li><a href=\"http:\/\/www.loubatieres.fr\/?p=1992\">Voyages pittoresques et romantiques du baron Taylor \u2013 Languedoc t. III (Pyr\u00e9n\u00e9es)<\/a><\/li>\n<\/ul>\n<table border=\"0\" cellspacing=\"0\">\n<caption><strong>Listes des lithographies comment\u00e9es dans l&rsquo;ouvrage :\u00a0<\/strong><\/caption>\n<tbody>\n<tr>\n<td align=\"center\" valign=\"top\"><span style=\"font-family: arial, helvetica, sans-serif; font-size: x-small;\">Bords du Rh\u00f4ne, Villeneuve-l\u00e8s-Avignon<\/span><span style=\"font-family: arial, helvetica, sans-serif; font-size: x-small;\">Ch\u00e2teau de Beaucaire<\/span><span style=\"font-family: arial, helvetica, sans-serif; font-size: x-small;\">Donjon du ch\u00e2teau de Beaucaire<\/span><span style=\"font-family: arial, helvetica, sans-serif; font-size: x-small;\" data-mce-mark=\"1\"> Murailles du ch\u00e2teau de Beaucaire<\/span><span style=\"font-family: arial, helvetica, sans-serif; font-size: x-small;\"> L\u2019ar\u00e8ne de l\u2019amphith\u00e9\u00e2tre de Nismes [N\u00eemes]<\/span><\/p>\n<p><span style=\"font-family: arial, helvetica, sans-serif; font-size: x-small;\"> Vue g\u00e9n\u00e9rale des Ar\u00e8nes. Nismes [N\u00eemes]<\/span><\/p>\n<p><span style=\"font-family: arial, helvetica, sans-serif; font-size: x-small;\"> Ar\u00e8nes de Nismes [N\u00eemes] Escalier conduisant du 1<sup>er<\/sup> \u00e9tage \u00e0 la galerie sup\u00e9rieure<\/span><\/p>\n<p><span style=\"font-family: arial, helvetica, sans-serif; font-size: x-small;\"> La tour Magne \u00e0 Nismes [N\u00eemes]<\/span><\/p>\n<p><span style=\"font-family: arial, helvetica, sans-serif; font-size: x-small;\"> Nismes, porte Romaine [N\u00eemes]<\/span><\/p>\n<p><span style=\"font-family: arial, helvetica, sans-serif; font-size: x-small;\"> Maison carr\u00e9e Nismes [N\u00eemes]<\/span><\/p>\n<p><span style=\"font-family: arial, helvetica, sans-serif; font-size: x-small;\"> Le temple de Diane \u00e0 Nismes [N\u00eemes]<\/span><\/p>\n<p><span style=\"font-family: arial, helvetica, sans-serif; font-size: x-small;\"> Cath\u00e9drale de Nismes [N\u00eemes]<\/span><\/p>\n<p><span style=\"font-family: arial, helvetica, sans-serif; font-size: x-small;\"> Le pont du Gard<\/span><\/p>\n<p><span style=\"font-family: arial, helvetica, sans-serif; font-size: x-small;\"> Port d\u2019Ambrussium, pr\u00e8s Galliargue [Pont d\u2019Ambrussum, Villetelle], sur le Vidourle<\/span><\/p>\n<p><span style=\"font-family: arial, helvetica, sans-serif; font-size: x-small;\"> Les carri\u00e8res. Nismes [N\u00eemes]<\/span><\/p>\n<p><span style=\"font-family: arial, helvetica, sans-serif; font-size: x-small;\"> Fa\u00e7ade de l\u2019\u00e9glise de Saint-Gilles<\/span><\/p>\n<p><span style=\"font-family: arial, helvetica, sans-serif; font-size: x-small;\"> \u00c9glise [souterraine] de Saint Gilles<\/span><\/p>\n<p><span style=\"font-family: arial, helvetica, sans-serif; font-size: x-small;\"> Vis de Saint Gilles<\/span><\/p>\n<p><span style=\"font-family: arial, helvetica, sans-serif; font-size: x-small;\"> Murs d\u2019Aygues-Mortes [Aigues-Mortes], c\u00f4t\u00e9 du Midi<\/span><\/p>\n<p><span style=\"font-family: arial, helvetica, sans-serif; font-size: x-small;\"> Tour de Constance \u00e0 Aigues-Mortes<\/span><\/p>\n<p><span style=\"font-family: arial, helvetica, sans-serif; font-size: x-small;\"> Le Vigan<\/span><\/p>\n<p><span style=\"font-family: arial, helvetica, sans-serif; font-size: x-small;\" data-mce-mark=\"1\"> Vue du ch\u00e2teau de la reine des camisards, prise du mas de Villars, pr\u00e8s d\u2019Av\u00e8se [Av\u00e8ze]<\/span><\/p>\n<p><span style=\"font-family: arial, helvetica, sans-serif; font-size: x-small;\" data-mce-mark=\"1\"> Vue g\u00e9n\u00e9rale de Saint-Nazaire, cath\u00e9drale de B\u00e9ziers<\/span><\/p>\n<p><span style=\"font-family: arial, helvetica, sans-serif; font-size: x-small;\"> Clo\u00eetre de Saint-Nazaire, cath\u00e9drale de B\u00e9ziers<\/span><\/p>\n<p><span style=\"font-family: arial, helvetica, sans-serif; font-size: x-small;\"> Lod\u00e8ve<\/span><\/p>\n<p><span style=\"font-family: arial, helvetica, sans-serif; font-size: x-small;\"> Adge<\/span><\/p>\n<p><span style=\"font-family: arial, helvetica, sans-serif; font-size: x-small;\" data-mce-mark=\"1\"> Pics basaltiques pr\u00e8s d\u2019Adge<\/span><\/p>\n<p><span style=\"font-family: arial, helvetica, sans-serif; font-size: x-small;\"> Minerve, pr\u00e8s de Saint Pons<\/span><\/p>\n<p><span style=\"font-family: arial, helvetica, sans-serif; font-size: x-small;\"> Ruines du clo\u00eetre de l\u2019abbaye de Valmagne<\/span><\/p>\n<p><span style=\"font-family: arial, helvetica, sans-serif; font-size: x-small;\"> Int\u00e9rieur de l\u2019\u00e9glise de l\u2019abbaye de Valmagne<\/span><\/p>\n<p><span style=\"font-family: arial, helvetica, sans-serif; font-size: x-small;\"> Abbaye de Saint Guilhem [Saint-Guilhem-le-d\u00e9sert]<\/span><\/td>\n<td align=\"center\" valign=\"top\"><span style=\"font-family: arial, helvetica, sans-serif; font-size: x-small;\">Vue g\u00e9n\u00e9rale de Saint Guilhem du D\u00e9sert et du ch\u00e2teau de Don Juan [Saint-Guilhem-le-d\u00e9sert] <\/span><span style=\"font-family: arial, helvetica, sans-serif; font-size: x-small;\">Restes du ch\u00e2teau de Don Juan [Saint-Guilhem-le-d\u00e9sert]<\/span><span style=\"font-family: arial, helvetica, sans-serif; font-size: x-small;\">Grotte des Demoiselles. Vue prise dans la grande salle [Saint-Bauzille-de-Putois]<\/span><span style=\"font-family: arial, helvetica, sans-serif; font-size: x-small;\"> \u00c9glise et ruines \u00e0 Villemagne [Villemagne-l\u2019Argenti\u00e8re]<\/span><span style=\"font-family: arial, helvetica, sans-serif; font-size: x-small;\"> \u00c9glise de Saint-Martin-de-Londres<\/span><\/p>\n<p><span style=\"font-family: arial, helvetica, sans-serif; font-size: x-small;\"> Maison de l\u2019ancien gouverneur de Saint Pons [Saint-Pons-de-Thomi\u00e8res]<\/span><\/p>\n<p><span style=\"font-family: arial, helvetica, sans-serif; font-size: x-small;\"> Le Vignogoul [Pignan]<\/span><\/p>\n<p><span style=\"font-family: arial, helvetica, sans-serif; font-size: x-small;\"> Clermont-l\u2019H\u00e9rault<\/span><\/p>\n<p><span style=\"font-family: arial, helvetica, sans-serif; font-size: x-small;\"> Vue de Mour\u00e8ze pr\u00e8s de Clermont-l\u2019H\u00e9rault<\/span><\/p>\n<p><span style=\"font-family: arial, helvetica, sans-serif; font-size: x-small;\"> Vue d\u2019Aniane<\/span><\/p>\n<p><span style=\"font-family: arial, helvetica, sans-serif; font-size: x-small;\"> Ch\u00e2teau de Brissac<\/span><\/p>\n<p><span style=\"font-family: arial, helvetica, sans-serif; font-size: x-small;\"> Vue g\u00e9n\u00e9rale int\u00e9rieure de l\u2019abside de l\u2019\u00e9glise de l\u2019abbaye de Maguelonne [Maguelone] [Villeneuve-l\u00e8s-Maguelone]<\/span><\/p>\n<p><span style=\"font-family: arial, helvetica, sans-serif; font-size: x-small;\"> Vue de Cette [S\u00e8te]<\/span><\/p>\n<p><span style=\"font-family: arial, helvetica, sans-serif; font-size: x-small;\"> Vue g\u00e9n\u00e9rale de Montpellier<\/span><\/p>\n<p><span style=\"font-family: arial, helvetica, sans-serif; font-size: x-small;\"> Porche de la cath\u00e9drale de Montpellier<\/span><\/p>\n<p><span style=\"font-family: arial, helvetica, sans-serif; font-size: x-small;\"> La tour des Pins et les clochers de Saint-Pierre [Montpellier]<\/span><\/p>\n<p><span style=\"font-family: arial, helvetica, sans-serif; font-size: x-small;\"> Maison des chevaliers \u00e0 Viviers<\/span><\/p>\n<p><span style=\"font-family: arial, helvetica, sans-serif; font-size: x-small;\"> Fontaine [du vallon de Tourne], Saint-And\u00e9ol [Bourg-Saint-And\u00e9ol]<\/span><\/p>\n<p><span style=\"font-family: arial, helvetica, sans-serif; font-size: x-small;\"> Pont-d\u2019Arc (pr\u00e8s Vallon)[Vallon-Pont-d\u2019Arc]<\/span><\/p>\n<p><span style=\"font-family: arial, helvetica, sans-serif; font-size: x-small;\"> La campagne de Vallon [Vallon-Pont-d\u2019Arc]<\/span><\/p>\n<p><span style=\"font-family: arial, helvetica, sans-serif; font-size: x-small;\"> Tournon [Tournon-sur-Rh\u00f4ne]<\/span><\/p>\n<p><span style=\"font-family: arial, helvetica, sans-serif; font-size: x-small;\"> Ch\u00e2teau de Vantadour [Ventadour], pr\u00e8s du pont de la Beaume [Labeaume]<\/span><\/p>\n<p><span style=\"font-family: arial, helvetica, sans-serif; font-size: x-small;\"> Rochemaure (deux lithographies)<\/span><\/p>\n<p><span style=\"font-family: arial, helvetica, sans-serif; font-size: x-small;\"> Donjon et pic volcanique de Roche-maure [Rochemaure]<\/span><\/p>\n<p><span style=\"font-family: arial, helvetica, sans-serif; font-size: x-small;\"> Ch\u00e2teau de Lamothe [La Mothe, Accons]<\/span><\/p>\n<p><span style=\"font-family: arial, helvetica, sans-serif; font-size: x-small;\"> Chapelle du ch\u00e2teau de Lamothe [la Mothe, Accons], pr\u00e8s Cruas<\/span><\/p>\n<p><span style=\"font-family: arial, helvetica, sans-serif; font-size: x-small;\"> Ch\u00e2teau et abside de l\u2019\u00e9glise de Cruas<\/span><\/p>\n<p><span style=\"font-family: arial, helvetica, sans-serif; font-size: x-small;\"> Ruines du ch\u00e2teau de Crussol [Guilherand-Granges]<\/span><\/p>\n<p><span style=\"font-family: arial, helvetica, sans-serif; font-size: x-small;\"> Balazue [Balazuc]<\/span><\/p>\n<p><span style=\"font-family: arial, helvetica, sans-serif; font-size: x-small;\"> Ch\u00e2teau de Chadenac [Barnas]<\/span><\/td>\n<\/tr>\n<\/tbody>\n<\/table>\n","protected":false},"excerpt":{"rendered":"<p>Lithographies choisies et comment\u00e9es\u00a0par Dominique Dieltiens Entre\u00a01820 et\u00a01878, le baron Isidore Taylor, assist\u00e9 de Charles Nodier et Alphonse de Cailleux, r\u00e9alise les vingt volumes des Voyages pittoresques et romantiques dans l\u2019ancienne France. Les lithographies r\u00e9unies dans chaque volume repr\u00e9sentent aussi bien des monuments civils, militaires et religieux que des paysages ou des sc\u00e8nes de la <a href=\"https:\/\/www.loubatieres.fr\/?p=3034\" class=\"more-link\">[&#8230;]<span class=\"screen-reader-text\">  Voyages pittoresques et romantiques du baron Taylor \u2013 Languedoc t. IV (Gard, H\u00e9rault, Ard\u00e8che)<\/span><\/a><\/p>\n","protected":false},"author":1,"featured_media":3044,"comment_status":"open","ping_status":"open","sticky":false,"template":"","format":"standard","meta":[],"categories":[1515,1494,7],"tags":[810,1160,1216,1248],"_links":{"self":[{"href":"https:\/\/www.loubatieres.fr\/index.php?rest_route=\/wp\/v2\/posts\/3034"}],"collection":[{"href":"https:\/\/www.loubatieres.fr\/index.php?rest_route=\/wp\/v2\/posts"}],"about":[{"href":"https:\/\/www.loubatieres.fr\/index.php?rest_route=\/wp\/v2\/types\/post"}],"author":[{"embeddable":true,"href":"https:\/\/www.loubatieres.fr\/index.php?rest_route=\/wp\/v2\/users\/1"}],"replies":[{"embeddable":true,"href":"https:\/\/www.loubatieres.fr\/index.php?rest_route=%2Fwp%2Fv2%2Fcomments&post=3034"}],"version-history":[{"count":0,"href":"https:\/\/www.loubatieres.fr\/index.php?rest_route=\/wp\/v2\/posts\/3034\/revisions"}],"wp:featuredmedia":[{"embeddable":true,"href":"https:\/\/www.loubatieres.fr\/index.php?rest_route=\/wp\/v2\/media\/3044"}],"wp:attachment":[{"href":"https:\/\/www.loubatieres.fr\/index.php?rest_route=%2Fwp%2Fv2%2Fmedia&parent=3034"}],"wp:term":[{"taxonomy":"category","embeddable":true,"href":"https:\/\/www.loubatieres.fr\/index.php?rest_route=%2Fwp%2Fv2%2Fcategories&post=3034"},{"taxonomy":"post_tag","embeddable":true,"href":"https:\/\/www.loubatieres.fr\/index.php?rest_route=%2Fwp%2Fv2%2Ftags&post=3034"}],"curies":[{"name":"wp","href":"https:\/\/api.w.org\/{rel}","templated":true}]}}