{"id":347,"date":"2011-02-03T18:07:45","date_gmt":"2011-02-03T17:07:45","guid":{"rendered":"http:\/\/www.loubatieres.fr\/?p=347"},"modified":"2017-05-31T14:36:05","modified_gmt":"2017-05-31T13:36:05","slug":"les-camps-de-rivesaltes-une-histoire-de-lenfermement","status":"publish","type":"post","link":"https:\/\/www.loubatieres.fr\/?p=347","title":{"rendered":"Les camps de Rivesaltes, une histoire de l&rsquo;enfermement"},"content":{"rendered":"<p style=\"text-align: justify;\">Au milieu de la plaine, au pied du Canigou, depuis plus de soixante-dix ans le camp Joffre de Rivesaltes dresse ses b\u00e2timents aujourd\u2019hui d\u00e9labr\u00e9s, jonch\u00e9s de gravats et de barbel\u00e9s rouill\u00e9s. Les \u00eelots de baraques abritent les traces d\u2019hommes, de femmes et d\u2019enfants qui v\u00e9curent l\u00e0 et parfois y laiss\u00e8rent leur vie.<\/p>\n<div data-configid=\"2567587\/3219748\" style=\"width: 1250px; height: 1000px;\" class=\"issuuembed\"><\/div>\n<p><script type=\"text\/javascript\" src=\"\/\/e.issuu.com\/embed.js\" async=\"true\"><\/script><\/p>\n<p style=\"text-align: justify;\">Le camp de Rivesaltes fut tour \u00e0 tour un camp militaire pour les troupes fran\u00e7aises, allemandes puis coloniales, un centre d\u2019internement (Espagnols apr\u00e8s la Retirada, Tsiganes, Juifs) et un camp d\u2019enfermement.<br \/>\nOffrant analyses et t\u00e9moignages d\u2019anciens intern\u00e9s, des acteurs associatifs qui leur sont venus en aide et des archives de l\u2019\u00e9poque, cet ouvrage illustr\u00e9 retrace l\u2019histoire de ce lieu battu par la tramontane l\u2019hiver et f\u00e9rocement ensoleill\u00e9 l\u2019\u00e9t\u00e9 que certains ont appel\u00e9 le \u00ab Sahara du Midi \u00bb.<\/p>\n<p style=\"text-align: justify;\"><strong>auteurs : <\/strong><strong>Violette Marcos<\/strong><strong> &amp; Juanito Marcos<\/strong><\/p>\n<h5><span style=\"color: #888888; font-family: 'courier new', courier; font-size: small;\">broch\u00e9 \u2013 15 x 24 cm \u2013 144 pages \u2013 illustrations N&amp;B \u2013 avril 2009 \u2013 18,30 euros<br \/>\n<\/span><span style=\"color: #888888; font-family: 'courier new', courier; font-size: small; line-height: 1.2em; text-align: justify;\">ISBN 978-2-86266-585-6<\/span><\/h5>\n<p><span style=\"color: #000000;\"><strong>Du m\u00eame auteur<\/strong><\/span><\/p>\n<ul>\n<li><a href=\"http:\/\/www.loubatieres.fr\/?p=3298\">L\u2019antifranquisme en France, 1944-1975<\/a><\/li>\n<li><a href=\"http:\/\/www.loubatieres.fr\/?p=999\">Itin\u00e9raire d\u2019un anarchiste, Alphonse Tricheux (1880-1957)<\/a><\/li>\n<\/ul>\n","protected":false},"excerpt":{"rendered":"<p>Au milieu de la plaine, au pied du Canigou, depuis plus de soixante-dix ans le camp Joffre de Rivesaltes dresse ses b\u00e2timents aujourd\u2019hui d\u00e9labr\u00e9s, jonch\u00e9s de gravats et de barbel\u00e9s rouill\u00e9s. Les \u00eelots de baraques abritent les traces d\u2019hommes, de femmes et d\u2019enfants qui v\u00e9curent l\u00e0 et parfois y laiss\u00e8rent leur vie. Le camp de <a href=\"https:\/\/www.loubatieres.fr\/?p=347\" class=\"more-link\">[&#8230;]<span class=\"screen-reader-text\">  Les camps de Rivesaltes, une histoire de l&rsquo;enfermement<\/span><\/a><\/p>\n","protected":false},"author":1,"featured_media":0,"comment_status":"closed","ping_status":"open","sticky":false,"template":"","format":"standard","meta":[],"categories":[1406,1407,7],"tags":[67,271,269,266,273,56,31,272,265],"_links":{"self":[{"href":"https:\/\/www.loubatieres.fr\/index.php?rest_route=\/wp\/v2\/posts\/347"}],"collection":[{"href":"https:\/\/www.loubatieres.fr\/index.php?rest_route=\/wp\/v2\/posts"}],"about":[{"href":"https:\/\/www.loubatieres.fr\/index.php?rest_route=\/wp\/v2\/types\/post"}],"author":[{"embeddable":true,"href":"https:\/\/www.loubatieres.fr\/index.php?rest_route=\/wp\/v2\/users\/1"}],"replies":[{"embeddable":true,"href":"https:\/\/www.loubatieres.fr\/index.php?rest_route=%2Fwp%2Fv2%2Fcomments&post=347"}],"version-history":[{"count":0,"href":"https:\/\/www.loubatieres.fr\/index.php?rest_route=\/wp\/v2\/posts\/347\/revisions"}],"wp:attachment":[{"href":"https:\/\/www.loubatieres.fr\/index.php?rest_route=%2Fwp%2Fv2%2Fmedia&parent=347"}],"wp:term":[{"taxonomy":"category","embeddable":true,"href":"https:\/\/www.loubatieres.fr\/index.php?rest_route=%2Fwp%2Fv2%2Fcategories&post=347"},{"taxonomy":"post_tag","embeddable":true,"href":"https:\/\/www.loubatieres.fr\/index.php?rest_route=%2Fwp%2Fv2%2Ftags&post=347"}],"curies":[{"name":"wp","href":"https:\/\/api.w.org\/{rel}","templated":true}]}}