{"id":368,"date":"2011-02-03T18:45:24","date_gmt":"2011-02-03T17:45:24","guid":{"rendered":"http:\/\/www.loubatieres.fr\/?p=368"},"modified":"2017-05-31T14:53:11","modified_gmt":"2017-05-31T13:53:11","slug":"montagne-noire-regards-sur-un-patrimoine","status":"publish","type":"post","link":"https:\/\/www.loubatieres.fr\/?p=368","title":{"rendered":"Montagne noire, <em>regards sur un patrimoine<\/em>"},"content":{"rendered":"<p style=\"text-align: justify;\"><a class=\"shutterset_\" href=\"http:\/\/www.loubatieres.fr\/wp-content\/gallery\/2009_int\/int_montagne.jpg\"><img decoding=\"async\" loading=\"lazy\" class=\"ngg-singlepic ngg-right alignright\" src=\"http:\/\/www.loubatieres.fr\/wp-content\/gallery\/2009_int\/thumbs\/thumbs_int_montagne.jpg\" alt=\"Montagne Noire\" height=\"93\" width=\"200\"><\/a>La for\u00eat, l&rsquo;eau, le Canal du Midi, la statuaire m\u00e9galithique, le village castral de Cabaret, les abbayes, les verriers, le catharisme, le protestantisme, la R\u00e9sistance\u2026 sont autant de th\u00e8mes abord\u00e9s par les meilleurs sp\u00e9cialistes dans cet ouvrage abondamment illustr\u00e9.<\/p>\n<div data-configid=\"2567587\/3458114\" style=\"width: 1920px; height: 899px;\" class=\"issuuembed\"><\/div>\n<p><script type=\"text\/javascript\" src=\"\/\/e.issuu.com\/embed.js\" async=\"true\"><\/script><\/p>\n<p><strong>auteur : collectif<\/strong><\/p>\n<p><strong>photographies de <a>Donatien Rousseau<\/a><\/strong><\/p>\n<p>Ont collabor\u00e9 \u00e0 cet ouvrage :<\/p>\n<p>Jacques Andr\u00e9, <em>Canal du midi<\/em> ; Jean Blanc, <em>abbayes<\/em> ; Yves Blaqui\u00e8re, <em>verriers<\/em> ; <a>Anne Brenon<\/a>, <em>catharisme<\/em> ; Paule Carayol, <em>introduction<\/em> ; Michel Coroir, <em>Parc naturel<\/em> ; Marie-\u00c9lise Gardel, <em>Cabaret<\/em> ; Jean-Marie Maffre, <em>for\u00eats<\/em> ; Jean-Marc Olivier, <em>eau<\/em> ; Lise Raynaud, <em>protestantisme<\/em> ; Nathalie Rey, <em>R\u00e9sistance<\/em> ; Gabriel Rodriguez, <em>statuaire m\u00e9galithique<\/em> ; <a>Donatien Rousseau<\/a>, <em>photographies<\/em>.<\/p>\n<h5><span style=\"font-family: 'courier new', courier; font-size: small;\"><span style=\"color: #888888;\">reli\u00e9 sous jaquette \u2013 24,5 x 23,5 cm \u2013 138 pages \u2013 quadrichromie \u2013juin 2009 [novembre 2005 pour la premi\u00e8re \u00e9dition] \u2013 15 euros \u2013&nbsp;<\/span><span style=\"color: #888888;\">ISBN 978-2-86266-586-3<\/span><\/span><\/h5>\n<p>&nbsp;<\/p>\n","protected":false},"excerpt":{"rendered":"<p>La for\u00eat, l&rsquo;eau, le Canal du Midi, la statuaire m\u00e9galithique, le village castral de Cabaret, les abbayes, les verriers, le catharisme, le protestantisme, la R\u00e9sistance\u2026 sont autant de th\u00e8mes abord\u00e9s par les meilleurs sp\u00e9cialistes dans cet ouvrage abondamment illustr\u00e9. auteur : collectif photographies de Donatien Rousseau Ont collabor\u00e9 \u00e0 cet ouvrage : Jacques Andr\u00e9, Canal <a href=\"https:\/\/www.loubatieres.fr\/?p=368\" class=\"more-link\">[&#8230;]<span class=\"screen-reader-text\">  Montagne noire, &lt;em&gt;regards sur un patrimoine&lt;\/em&gt;<\/span><\/a><\/p>\n","protected":false},"author":1,"featured_media":0,"comment_status":"closed","ping_status":"open","sticky":false,"template":"","format":"standard","meta":[],"categories":[1515,1494,7],"tags":[298,154,480,351,128,340,350,341,342,347,346,348,145,345,349,107,344,352,311,139,1516],"_links":{"self":[{"href":"https:\/\/www.loubatieres.fr\/index.php?rest_route=\/wp\/v2\/posts\/368"}],"collection":[{"href":"https:\/\/www.loubatieres.fr\/index.php?rest_route=\/wp\/v2\/posts"}],"about":[{"href":"https:\/\/www.loubatieres.fr\/index.php?rest_route=\/wp\/v2\/types\/post"}],"author":[{"embeddable":true,"href":"https:\/\/www.loubatieres.fr\/index.php?rest_route=\/wp\/v2\/users\/1"}],"replies":[{"embeddable":true,"href":"https:\/\/www.loubatieres.fr\/index.php?rest_route=%2Fwp%2Fv2%2Fcomments&post=368"}],"version-history":[{"count":0,"href":"https:\/\/www.loubatieres.fr\/index.php?rest_route=\/wp\/v2\/posts\/368\/revisions"}],"wp:attachment":[{"href":"https:\/\/www.loubatieres.fr\/index.php?rest_route=%2Fwp%2Fv2%2Fmedia&parent=368"}],"wp:term":[{"taxonomy":"category","embeddable":true,"href":"https:\/\/www.loubatieres.fr\/index.php?rest_route=%2Fwp%2Fv2%2Fcategories&post=368"},{"taxonomy":"post_tag","embeddable":true,"href":"https:\/\/www.loubatieres.fr\/index.php?rest_route=%2Fwp%2Fv2%2Ftags&post=368"}],"curies":[{"name":"wp","href":"https:\/\/api.w.org\/{rel}","templated":true}]}}