{"id":4131,"date":"2014-04-11T09:35:02","date_gmt":"2014-04-11T08:35:02","guid":{"rendered":"http:\/\/www.loubatieres.fr\/?p=4131"},"modified":"2017-05-31T09:48:49","modified_gmt":"2017-05-31T08:48:49","slug":"le-pays-silencieux","status":"publish","type":"post","link":"https:\/\/www.loubatieres.fr\/?p=4131","title":{"rendered":"Le Pays silencieux"},"content":{"rendered":"<p style=\"text-align: justify;\">Avec ce <em>Pays silencieux<\/em>, septi\u00e8me et dernier tome de <em>L\u2019Europe et la Profondeur<\/em>, s\u2019ach\u00e8ve l\u2019aventure tout \u00e0 la fois intellectuelle et spirituelle que constitu\u00e8rent, pour son auteur comme pour le \u00ab&nbsp;petit nombre&nbsp;\u00bb de ses lecteurs, l\u2019\u00e9criture et la publication de cette Somme, \u00e0 l\u2019\u00e9poque des \u00ab&nbsp;petits trait\u00e9s&nbsp;\u00bb et autres \u00ab&nbsp;livres de d\u00e9veloppement personnel&nbsp;\u00bb unique en son genre.<\/p>\n<div data-configid=\"2567587\/7451047\" style=\"width: 1331px; height: 1000px;\" class=\"issuuembed\"><\/div>\n<p><script type=\"text\/javascript\" src=\"\/\/e.issuu.com\/embed.js\" async=\"true\"><\/script><\/p>\n<p style=\"text-align: justify;\">L\u2019ouvrage lui-m\u00eame, pr\u00e9sent\u00e9 successivement dans le cours de son \u00e9laboration comme un \u00ab&nbsp;roman philosophico-th\u00e9ologique&nbsp;\u00bb puis comme un \u00ab&nbsp;manuel de survie au temps du nihilisme achev\u00e9&nbsp;\u00bb, vient ici pour ce qu\u2019il \u00e9tait en v\u00e9rit\u00e9, mais sans le savoir encore, d\u00e8s son commencement : rien de moins qu\u2019<em>une aventure du sens<\/em>, la seule peut-\u00eatre que puisse offrir \u00e0 ce \u00ab&nbsp;sens&nbsp;\u00bb en voie d\u2019extinction notre \u00ab&nbsp;temps de d\u00e9tresse&nbsp;\u00bb, et aventure qui, du fait de cette extinction m\u00eame, ne peut plus se d\u00e9rouler aujourd\u2019hui qu\u2019au <em>pays des mots<\/em> ; ce pourquoi le pr\u00e9sent volume s\u2019ach\u00e8ve en <em>po\u00e8me<\/em> (\u00ab&nbsp;La saison spirituelle&nbsp;\u00bb). Mais avant cela, et comme \u00e0 l\u2019accoutum\u00e9e chez Pierre Le Coz, le lecteur trouvera en ce <em>Pays silencieux<\/em> des analyses extr\u00eamement approfondies des ph\u00e9nom\u00e8nes qui d\u00e9frayent l\u2019actualit\u00e9 la plus concr\u00e8te de notre d\u00e9but de mill\u00e9naire, dont ceux de la violence religieuse (\u00ab&nbsp;Et ce sont les violents qui l\u2019emportent&nbsp;\u00bb), ou de l\u2019explosion de la d\u00e9linquance (\u00ab&nbsp;La vie r\u00eav\u00e9e des porcs&nbsp;\u00bb), ou encore de la pr\u00e9sente domination sans partage du techno-capitalisme sur notre monde \u00ab&nbsp;globalis\u00e9&nbsp;\u00bb (\u00ab&nbsp;Histoire et historicit\u00e9&nbsp;\u00bb) ; l\u2019auteur de ces analyses \u00e9tant bien convaincu qu\u2019une pens\u00e9e qui ne cherche pas \u00e0 <em>op\u00e9rer<\/em> en quelque mani\u00e8re que ce soit en son \u00ab&nbsp;si\u00e8cle sien&nbsp;\u00bb, et aussi \u00ab&nbsp;subtils&nbsp;\u00bb et \u00ab&nbsp;pertinents&nbsp;\u00bb que soient ses attendus, est parfaitement vaine et st\u00e9rile \u2013 en un mot : in-signifiante (ce que sont probablement <em>tous<\/em> les ouvrages qui se publient aujourd\u2019hui sur ces questions : non par manque de lucidit\u00e9, mais par absence r\u00e9dhibitoire de <em>courage<\/em> \u2013 \u00ab&nbsp;intellectuel&nbsp;\u00bb et autre \u2013, cette qualit\u00e9 en laquelle H\u00f6lderlin voyait la vertu cardinale des po\u00e8tes). Le lecteur qui se risque \u00e0 ouvrir un tel livre doit donc, d\u00e8s son entr\u00e9e en \u00ab&nbsp;ces pages sombres et pleines de poison&nbsp;\u00bb, abandonner toute esp\u00e9rance d\u2019y retrouver les habituelles cat\u00e9gories de pens\u00e9e par lesquelles une \u00e9poque s\u2019essaye \u00e0 conjurer ses tr\u00e8s \u00ab&nbsp;modernes&nbsp;\u00bb d\u00e9mons \u2013 quoique ces efforts soient condamn\u00e9s \u00e0 demeurer vains dans la mesure o\u00f9 ces \u00ab&nbsp;d\u00e9mons&nbsp;\u00bb ne sont jamais justement, par cette \u00e9poque m\u00eame, clairement et <em>proprement<\/em> nomm\u00e9s \u2013 ; en ce sens aussi, une partie de la s\u00e9duction que peut inspirer ce livre \u00e0 ses lecteurs r\u00e9side en le fait que ceux-ci, et avant m\u00eame l\u2019expos\u00e9 d\u2019une \u00ab&nbsp;philosophie&nbsp;\u00bb voire le d\u00e9roul\u00e9 d\u2019une \u00ab&nbsp;\u00e9criture&nbsp;\u00bb, y sont d\u2019abord convi\u00e9s \u00e0 un <em>d\u00e9paysement radical<\/em> \u2013 tant dans l\u2019ordre de la pens\u00e9e en g\u00e9n\u00e9ral que dans celui de la saisie qu\u2019ils font de leur monde en particulier.<\/p>\n<p style=\"text-align: justify;\"><strong> Pierre Le Coz<\/strong> est n\u00e9 dans le Finist\u00e8re, il vit aujourd\u2019hui en Dordogne o\u00f9 il se consacre \u00e0 l\u2019\u00e9criture.<br \/>\nSes premiers textes, des \u201cproses po\u00e9tiques urbaines\u201d, ont paru en 1993 dans la NRF. Il a publi\u00e9 depuis de nombreux ouvrages, romans et r\u00e9cits de voyage, notamment <em>Voyage au c\u0153ur du Rouergue<\/em> et <em>Auvergne, la source de l\u2019Espace<\/em> (Loubati\u00e8res) ; ainsi que des essais : <em>Vermeer ou l\u2019action de voir<\/em> (en collaboration avec P.\u2008E. Laroche, La Lettre vol\u00e9e, Bruxelles, 2007), et les six premiers tomes de <em>L\u2019Europe et la Profondeur<\/em>.<\/p>\n<p><strong>auteur : Pierre Le Coz<\/strong><\/p>\n<h5><span style=\"font-size: small; font-family: courier new,courier; color: #888888;\">Broch\u00e9 \u2013 14 x 21 cm \u2013 704 pages \u2013 mai 2014 \u2013 29 euros<\/span><br \/>\n<span style=\"font-size: small; font-family: courier new,courier; color: #888888;\"> ISBN 978-2-86266-702-7<\/span><\/h5>\n<p>&nbsp;<\/p>\n<p><strong>Du m\u00eame auteur<\/strong><\/p>\n<ul>\n<li><a href=\"http:\/\/www.loubatieres.fr\/?p=846\">L\u2019Europe et la profondeur<\/a><\/li>\n<li><a href=\"http:\/\/www.loubatieres.fr\/?p=363\">Trait\u00e9 du M\u00eame<\/a><\/li>\n<li><a href=\"http:\/\/www.loubatieres.fr\/?p=129\">L&rsquo;Empire et le Royaume<\/a><\/li>\n<li><a href=\"http:\/\/www.loubatieres.fr\/?p=1004\">Le Voyage des morts<\/a><\/li>\n<li><a href=\"http:\/\/www.loubatieres.fr\/?p=1734\">Le Secret de la vie<\/a><\/li>\n<li><a href=\"http:\/\/www.loubatieres.fr\/?p=3615\">L&rsquo;Ancien des jours<\/a><\/li>\n<li><a href=\"http:\/\/www.loubatieres.fr\/?p=5332\">L&rsquo;Atelier du silence<\/a><\/li>\n<li><a href=\"http:\/\/Veilleur, o\u00f9 en est la nuit ?\">Veilleur, o\u00f9 en est la nuit ?<\/a><\/li>\n<\/ul>\n","protected":false},"excerpt":{"rendered":"<p>Avec ce Pays silencieux, septi\u00e8me et dernier tome de L\u2019Europe et la Profondeur, s\u2019ach\u00e8ve l\u2019aventure tout \u00e0 la fois intellectuelle et spirituelle que constitu\u00e8rent, pour son auteur comme pour le \u00ab&nbsp;petit nombre&nbsp;\u00bb de ses lecteurs, l\u2019\u00e9criture et la publication de cette Somme, \u00e0 l\u2019\u00e9poque des \u00ab&nbsp;petits trait\u00e9s&nbsp;\u00bb et autres \u00ab&nbsp;livres de d\u00e9veloppement personnel&nbsp;\u00bb unique en <a href=\"https:\/\/www.loubatieres.fr\/?p=4131\" class=\"more-link\">[&#8230;]<span class=\"screen-reader-text\">  Le Pays silencieux<\/span><\/a><\/p>\n","protected":false},"author":1,"featured_media":4132,"comment_status":"open","ping_status":"open","sticky":false,"template":"","format":"standard","meta":[],"categories":[1406,1408,7],"tags":[314],"_links":{"self":[{"href":"https:\/\/www.loubatieres.fr\/index.php?rest_route=\/wp\/v2\/posts\/4131"}],"collection":[{"href":"https:\/\/www.loubatieres.fr\/index.php?rest_route=\/wp\/v2\/posts"}],"about":[{"href":"https:\/\/www.loubatieres.fr\/index.php?rest_route=\/wp\/v2\/types\/post"}],"author":[{"embeddable":true,"href":"https:\/\/www.loubatieres.fr\/index.php?rest_route=\/wp\/v2\/users\/1"}],"replies":[{"embeddable":true,"href":"https:\/\/www.loubatieres.fr\/index.php?rest_route=%2Fwp%2Fv2%2Fcomments&post=4131"}],"version-history":[{"count":0,"href":"https:\/\/www.loubatieres.fr\/index.php?rest_route=\/wp\/v2\/posts\/4131\/revisions"}],"wp:featuredmedia":[{"embeddable":true,"href":"https:\/\/www.loubatieres.fr\/index.php?rest_route=\/wp\/v2\/media\/4132"}],"wp:attachment":[{"href":"https:\/\/www.loubatieres.fr\/index.php?rest_route=%2Fwp%2Fv2%2Fmedia&parent=4131"}],"wp:term":[{"taxonomy":"category","embeddable":true,"href":"https:\/\/www.loubatieres.fr\/index.php?rest_route=%2Fwp%2Fv2%2Fcategories&post=4131"},{"taxonomy":"post_tag","embeddable":true,"href":"https:\/\/www.loubatieres.fr\/index.php?rest_route=%2Fwp%2Fv2%2Ftags&post=4131"}],"curies":[{"name":"wp","href":"https:\/\/api.w.org\/{rel}","templated":true}]}}