{"id":439,"date":"2011-02-05T11:58:14","date_gmt":"2011-02-05T10:58:14","guid":{"rendered":"http:\/\/www.loubatieres.fr\/?p=439"},"modified":"2017-05-31T11:18:22","modified_gmt":"2017-05-31T10:18:22","slug":"exiles-espagnols-%e2%80%93-la-memoire-a-vif","status":"publish","type":"post","link":"https:\/\/www.loubatieres.fr\/?p=439","title":{"rendered":"Exil\u00e9s espagnols \u2013 La m\u00e9moire \u00e0 vif"},"content":{"rendered":"<p style=\"text-align: justify;\">C\u2019est une qu\u00eate de plus de cinq ann\u00e9es consacr\u00e9es \u00e0 l\u2019\u00e9coute attentive du destin tragique des r\u00e9publicains espagnols qui trouve ici sa forme. De la bataille de l\u2019\u00c8bre \u00e0 la Lib\u00e9ration de la France ; de la Retirada aux camps de la mort ; de la R\u00e9sistance aux prisons franquistes, l\u2019ouvrage est un vaste panorama de cette odyss\u00e9e \u00e0 travers les destins de ces v\u00e9ritables Don Quichotte de la libert\u00e9. La voix sensible du narrateur, qui s\u2019est form\u00e9 dans cette m\u00e9moire, nous touche car elle nous offre \u00ab Le temps retrouv\u00e9 \u00bb. Au-del\u00e0 de l\u2019hommage aux r\u00e9publicains espagnols exil\u00e9s, ce livre est une ode \u00e0 la r\u00e9sistance des peuples.<\/p>\n<div data-configid=\"2567587\/3814764\" style=\"width: 1250px; height: 1000px;\" class=\"issuuembed\"><\/div>\n<p><script type=\"text\/javascript\" src=\"\/\/e.issuu.com\/embed.js\" async=\"true\"><\/script><br \/>\n<strong>auteur : Progreso Marin<\/strong><\/p>\n<p style=\"text-align: justify;\"><strong>pr\u00e9face de Patrick P\u00e9pin<\/strong><\/p>\n<h5><span style=\"font-size: small; font-family: 'courier new', courier; color: #888888;\"><span style=\"text-align: justify;\">broch\u00e9 \u2013 15 x 24 \u2013 272 pages \u2013 mai 2008 \u2013<\/span>&nbsp;23,40 euros<\/span><\/h5>\n<h5><span style=\"text-align: justify; font-size: small; font-family: 'courier new', courier; color: #888888;\">ISBN 978-2-86266-563-4<\/span><\/h5>\n<p>&nbsp;<\/p>\n<p><strong>Du m\u00eame auteur<\/strong><\/p>\n<ul>\n<li><a href=\"http:\/\/www.loubatieres.fr\/?p=91\">Dolores, une vie pour la libert\u00e9<\/a><\/li>\n<li><a href=\"http:\/\/www.loubatieres.fr\/?p=203\">Exil \u2013 t\u00e9moignages sur la guerre d\u2019Espagne, les camps et la r\u00e9sistance au franquisme<\/a><\/li>\n<\/ul>\n","protected":false},"excerpt":{"rendered":"<p>C\u2019est une qu\u00eate de plus de cinq ann\u00e9es consacr\u00e9es \u00e0 l\u2019\u00e9coute attentive du destin tragique des r\u00e9publicains espagnols qui trouve ici sa forme. De la bataille de l\u2019\u00c8bre \u00e0 la Lib\u00e9ration de la France ; de la Retirada aux camps de la mort ; de la R\u00e9sistance aux prisons franquistes, l\u2019ouvrage est un vaste panorama <a href=\"https:\/\/www.loubatieres.fr\/?p=439\" class=\"more-link\">[&#8230;]<span class=\"screen-reader-text\">  Exil\u00e9s espagnols \u2013 La m\u00e9moire \u00e0 vif<\/span><\/a><\/p>\n","protected":false},"author":1,"featured_media":0,"comment_status":"closed","ping_status":"open","sticky":false,"template":"","format":"standard","meta":[],"categories":[1406,1407,7],"tags":[136,531,29,311,31,528],"_links":{"self":[{"href":"https:\/\/www.loubatieres.fr\/index.php?rest_route=\/wp\/v2\/posts\/439"}],"collection":[{"href":"https:\/\/www.loubatieres.fr\/index.php?rest_route=\/wp\/v2\/posts"}],"about":[{"href":"https:\/\/www.loubatieres.fr\/index.php?rest_route=\/wp\/v2\/types\/post"}],"author":[{"embeddable":true,"href":"https:\/\/www.loubatieres.fr\/index.php?rest_route=\/wp\/v2\/users\/1"}],"replies":[{"embeddable":true,"href":"https:\/\/www.loubatieres.fr\/index.php?rest_route=%2Fwp%2Fv2%2Fcomments&post=439"}],"version-history":[{"count":0,"href":"https:\/\/www.loubatieres.fr\/index.php?rest_route=\/wp\/v2\/posts\/439\/revisions"}],"wp:attachment":[{"href":"https:\/\/www.loubatieres.fr\/index.php?rest_route=%2Fwp%2Fv2%2Fmedia&parent=439"}],"wp:term":[{"taxonomy":"category","embeddable":true,"href":"https:\/\/www.loubatieres.fr\/index.php?rest_route=%2Fwp%2Fv2%2Fcategories&post=439"},{"taxonomy":"post_tag","embeddable":true,"href":"https:\/\/www.loubatieres.fr\/index.php?rest_route=%2Fwp%2Fv2%2Ftags&post=439"}],"curies":[{"name":"wp","href":"https:\/\/api.w.org\/{rel}","templated":true}]}}