{"id":4438,"date":"2014-12-15T18:14:55","date_gmt":"2014-12-15T17:14:55","guid":{"rendered":"http:\/\/www.loubatieres.fr\/?p=4438"},"modified":"2025-06-03T14:43:28","modified_gmt":"2025-06-03T13:43:28","slug":"roman-dun-voyageur-victor-collin-de-plancy-lhistoire-des-collections-coreennes-en-france","status":"publish","type":"post","link":"https:\/\/www.loubatieres.fr\/?p=4438","title":{"rendered":"Roman d&rsquo;un voyageur, Victor Collin de Plancy \u2013 L&rsquo;histoire des collections cor\u00e9ennes en France"},"content":{"rendered":"<p style=\"text-align: justify;\">Victor Collin de Plancy fut le premier repr\u00e9sentant de la France en Cor\u00e9e entre\u00a01888 et\u00a01906. Interpr\u00e8te puis diplomate, il se passionna pour l\u2019histoire et l\u2019art de ce pays rest\u00e9 longtemps ferm\u00e9 pour les Occidentaux. D\u00e9sireux de le faire conna\u00eetre en France, il rassembla un grand nombre d\u2019objets \u2013 c\u00e9ramiques, manuscrits, livres, meubles ou costumes \u2013 dont il fit don \u00e0 des institutions fran\u00e7aises au rang desquelles figure le Mus\u00e9e national de la c\u00e9ramique. Il fut \u00e9galement au c\u0153ur d\u2019un petit groupe de voyageurs passionn\u00e9s par la Cor\u00e9e qui, \u00e0 leur tour, enrichirent les collections fran\u00e7aises (<em>lire la suite dans l&rsquo;extrait ci-dessous<\/em>).<\/p>\n<p>Romane Sarfati<br \/>\nDirectrice g\u00e9n\u00e9rale Cit\u00e9 de la c\u00e9ramique \u2013 S\u00e8vres &amp; Limoges<\/p>\n<div data-configid=\"2567587\/10570507\" style=\"width: 1476px; height: 1000px;\" class=\"issuuembed\"><\/div>\n<p><script type=\"text\/javascript\" src=\"\/\/e.issuu.com\/embed.js\" async=\"true\"><\/script><\/p>\n<p><span style=\"font-size: small; font-family: 'courier new', courier; color: #888888;\">reli\u00e9 \u2013 22,4 x 30,6 cm \u2013 272 pages \u2013 300 documents en quadrichromie \u2013 janvier 2015<br \/>\n\u2013 39 euros \u2013\u00a0ISBN 978-2-86266-719-5<\/span><\/p>\n","protected":false},"excerpt":{"rendered":"<p>Victor Collin de Plancy fut le premier repr\u00e9sentant de la France en Cor\u00e9e entre\u00a01888 et\u00a01906. Interpr\u00e8te puis diplomate, il se passionna pour l\u2019histoire et l\u2019art de ce pays rest\u00e9 longtemps ferm\u00e9 pour les Occidentaux. D\u00e9sireux de le faire conna\u00eetre en France, il rassembla un grand nombre d\u2019objets \u2013 c\u00e9ramiques, manuscrits, livres, meubles ou costumes \u2013 <a href=\"https:\/\/www.loubatieres.fr\/?p=4438\" class=\"more-link\">[&#8230;]<span class=\"screen-reader-text\">  Roman d&rsquo;un voyageur, Victor Collin de Plancy \u2013 L&rsquo;histoire des collections cor\u00e9ennes en France<\/span><\/a><\/p>\n","protected":false},"author":1,"featured_media":4440,"comment_status":"open","ping_status":"open","sticky":false,"template":"","format":"standard","meta":[],"categories":[1491,1390,7],"tags":[1498,1497,1507,1496,1499,1500,1504,1505,1506,1502,1503,1501],"_links":{"self":[{"href":"https:\/\/www.loubatieres.fr\/index.php?rest_route=\/wp\/v2\/posts\/4438"}],"collection":[{"href":"https:\/\/www.loubatieres.fr\/index.php?rest_route=\/wp\/v2\/posts"}],"about":[{"href":"https:\/\/www.loubatieres.fr\/index.php?rest_route=\/wp\/v2\/types\/post"}],"author":[{"embeddable":true,"href":"https:\/\/www.loubatieres.fr\/index.php?rest_route=\/wp\/v2\/users\/1"}],"replies":[{"embeddable":true,"href":"https:\/\/www.loubatieres.fr\/index.php?rest_route=%2Fwp%2Fv2%2Fcomments&post=4438"}],"version-history":[{"count":1,"href":"https:\/\/www.loubatieres.fr\/index.php?rest_route=\/wp\/v2\/posts\/4438\/revisions"}],"predecessor-version":[{"id":6590,"href":"https:\/\/www.loubatieres.fr\/index.php?rest_route=\/wp\/v2\/posts\/4438\/revisions\/6590"}],"wp:featuredmedia":[{"embeddable":true,"href":"https:\/\/www.loubatieres.fr\/index.php?rest_route=\/wp\/v2\/media\/4440"}],"wp:attachment":[{"href":"https:\/\/www.loubatieres.fr\/index.php?rest_route=%2Fwp%2Fv2%2Fmedia&parent=4438"}],"wp:term":[{"taxonomy":"category","embeddable":true,"href":"https:\/\/www.loubatieres.fr\/index.php?rest_route=%2Fwp%2Fv2%2Fcategories&post=4438"},{"taxonomy":"post_tag","embeddable":true,"href":"https:\/\/www.loubatieres.fr\/index.php?rest_route=%2Fwp%2Fv2%2Ftags&post=4438"}],"curies":[{"name":"wp","href":"https:\/\/api.w.org\/{rel}","templated":true}]}}