{"id":4745,"date":"2015-07-27T17:15:02","date_gmt":"2015-07-27T16:15:02","guid":{"rendered":"http:\/\/www.loubatieres.fr\/?p=4745"},"modified":"2026-04-19T15:51:21","modified_gmt":"2026-04-19T14:51:21","slug":"au-lac-de-saint-ferreol","status":"publish","type":"post","link":"https:\/\/www.loubatieres.fr\/?p=4745","title":{"rendered":"Au lac de Saint-Ferr\u00e9ol"},"content":{"rendered":"<p style=\"text-align: justify;\">Dans ce livre, Denis Est\u00e8ve met le lac de Saint-Ferr\u00e9ol en images et raconte une partie de son histoire, des ann\u00e9es\u00a01960 \u00e0 nos jours. La remarquable qualit\u00e9 de ses clich\u00e9s argentiques, tout en ombre et lumi\u00e8re, restitue la beaut\u00e9 et l\u2019ambiance unique du site.<\/p>\n<div data-configid=\"2567587\/14428601\" style=\"width: 1912px; height: 1000px;\" class=\"issuuembed\"><\/div>\n<p><script type=\"text\/javascript\" src=\"\/\/e.issuu.com\/embed.js\" async=\"true\"><\/script><br \/>\n<strong>Photographies de Denis Est\u00e8ve<br \/>\nTextes de Yves Blaqui\u00e8re et Denis Est\u00e8ve<br \/>\nPr\u00e9face d&rsquo;Alain Chatillon<br \/>\n<\/strong><\/p>\n<p>Voir extrait ci-dessous.<\/p>\n<p><span style=\"font-family: courier new,courier; color: #888888; font-size: small;\">broch\u00e9 avec rabats \u2013 21,5 x 22,5 cm \u2013 120 pages \u2013 ao\u00fbt 2015 \u2013 25 euros \u2013\u00a0ISBN 978-2-86266-715-7<\/span><\/p>\n<p><strong>Du m\u00eame auteur<br \/>\n<\/strong><\/p>\n<ul>\n<li><a href=\"http:\/\/www.loubatieres.fr\/?p=4016\">Le Lauragais, la terre et le temps<\/a><\/li>\n<\/ul>\n","protected":false},"excerpt":{"rendered":"<p>Dans ce livre, Denis Est\u00e8ve met le lac de Saint-Ferr\u00e9ol en images et raconte une partie de son histoire, des ann\u00e9es\u00a01960 \u00e0 nos jours. La remarquable qualit\u00e9 de ses clich\u00e9s argentiques, tout en ombre et lumi\u00e8re, restitue la beaut\u00e9 et l\u2019ambiance unique du site. Photographies de Denis Est\u00e8ve Textes de Yves Blaqui\u00e8re et Denis Est\u00e8ve <a href=\"https:\/\/www.loubatieres.fr\/?p=4745\" class=\"more-link\">[&#8230;]<span class=\"screen-reader-text\">  Au lac de Saint-Ferr\u00e9ol<\/span><\/a><\/p>\n","protected":false},"author":1,"featured_media":4749,"comment_status":"closed","ping_status":"open","sticky":false,"template":"","format":"standard","meta":[],"categories":[1494,1412,7],"tags":[10,1517],"_links":{"self":[{"href":"https:\/\/www.loubatieres.fr\/index.php?rest_route=\/wp\/v2\/posts\/4745"}],"collection":[{"href":"https:\/\/www.loubatieres.fr\/index.php?rest_route=\/wp\/v2\/posts"}],"about":[{"href":"https:\/\/www.loubatieres.fr\/index.php?rest_route=\/wp\/v2\/types\/post"}],"author":[{"embeddable":true,"href":"https:\/\/www.loubatieres.fr\/index.php?rest_route=\/wp\/v2\/users\/1"}],"replies":[{"embeddable":true,"href":"https:\/\/www.loubatieres.fr\/index.php?rest_route=%2Fwp%2Fv2%2Fcomments&post=4745"}],"version-history":[{"count":1,"href":"https:\/\/www.loubatieres.fr\/index.php?rest_route=\/wp\/v2\/posts\/4745\/revisions"}],"predecessor-version":[{"id":6624,"href":"https:\/\/www.loubatieres.fr\/index.php?rest_route=\/wp\/v2\/posts\/4745\/revisions\/6624"}],"wp:featuredmedia":[{"embeddable":true,"href":"https:\/\/www.loubatieres.fr\/index.php?rest_route=\/wp\/v2\/media\/4749"}],"wp:attachment":[{"href":"https:\/\/www.loubatieres.fr\/index.php?rest_route=%2Fwp%2Fv2%2Fmedia&parent=4745"}],"wp:term":[{"taxonomy":"category","embeddable":true,"href":"https:\/\/www.loubatieres.fr\/index.php?rest_route=%2Fwp%2Fv2%2Fcategories&post=4745"},{"taxonomy":"post_tag","embeddable":true,"href":"https:\/\/www.loubatieres.fr\/index.php?rest_route=%2Fwp%2Fv2%2Ftags&post=4745"}],"curies":[{"name":"wp","href":"https:\/\/api.w.org\/{rel}","templated":true}]}}