{"id":5990,"date":"2019-05-13T15:40:47","date_gmt":"2019-05-13T14:40:47","guid":{"rendered":"http:\/\/www.loubatieres.fr\/?p=5990"},"modified":"2023-01-08T18:07:12","modified_gmt":"2023-01-08T17:07:12","slug":"une-porte-sur-lete","status":"publish","type":"post","link":"https:\/\/www.loubatieres.fr\/?p=5990","title":{"rendered":"Une porte sur l&rsquo;\u00e9t\u00e9"},"content":{"rendered":"<p>R\u00e9dig\u00e9e dans le cours de la dramatique ann\u00e9e 2015, cette <em>Porte sur l\u2019\u00e9t\u00e9<\/em>, dixi\u00e8me tome de <em>L\u2019Europe et la Profondeur<\/em>, est sans doute le plus \u00ab\u00a0politique\u00a0\u00bb des volumes du \u00ab\u00a0grand r\u00e9cit\u00a0\u00bb de Pierre Le Coz. Mais tonalit\u00e9 qui, comme d\u2019habitude chez cet auteur, n\u2019exclut nullement les relectures (toujours passionn\u00e9es) et interpr\u00e9tations (souvent vertigineuses) de certains grands textes de la tradition litt\u00e9raire ou philosophique ; \u00e9tant toujours apparu clair au \u00ab\u00a0scripteur\u00a0\u00bb de cette <em>Profondeur<\/em> que ce qu\u2019il est convenu d\u2019appeler la \u00ab\u00a0grande culture\u00a0\u00bb n\u2019est rien si, pour chaque \u00e9poque consid\u00e9r\u00e9e, on ne cherche pas \u00e0 en faire <em>usage<\/em>.<\/p>\n<p style=\"text-align: center;\"><span style=\"color: #0000ff;\">[pour consulter un extrait, copier ce lien]<\/span><\/p>\n<p style=\"text-align: center;\"><span style=\"color: #0000ff;\"><a style=\"color: #0000ff;\" href=\"https:\/\/issuu.com\/loubatieres\/docs\/une-porte_flip-book\">http:\/\/issuu.com\/loubatieres\/docs\/une-porte_flip-book?e=2567587\/69830879<\/a><\/span><\/p>\n<p>Le lecteur de cette <em>Porte<\/em> ne s\u2019\u00e9tonnera donc pas de voir se succ\u00e9der, \u00e0 c\u00f4t\u00e9 d\u2019analyses parfois subtiles et \u00ab\u00a0pointues\u00a0\u00bb de certaines th\u00e9matiques litt\u00e9raires, philosophiques voire th\u00e9ologiques : celles par exemple de la \u00ab\u00a0v\u00e9rit\u00e9\u00a0\u00bb, ou de l\u2019\u00ab\u00a0ennui\u00a0\u00bb, ou de l\u2019\u00ab\u00a0\u00e9tonnement\u00a0\u00bb, ou encore de l\u2019\u00ab\u00a0esp\u00e9rance\u00a0\u00bb, etc., des consid\u00e9rations relatives, elles, \u00e0 des sujets plus actuels tels que : les raisons du vote \u00ab\u00a0populiste\u00a0\u00bb, ou le \u00ab\u00a0terrorisme islamique\u00a0\u00bb, ou les \u00ab\u00a0th\u00e9ories du complot\u00a0\u00bb, ou \u00ab le sentiment de l\u2019ins\u00e9curit\u00e9\u00a0\u00bb, etc. ; tant il est apparu \u00e9vident \u00e0 l\u2019auteur que l\u2019urgence, ici, n\u2019\u00e9tait pas tant d\u2019apporter des r\u00e9ponses \u00e0 ces questions \u2013 si tant est qu\u2019il en existe \u2013 que, d\u2019abord, de \u00ab\u00a0d\u00e9broussailler les chemins de la v\u00e9rit\u00e9\u00a0\u00bb\u2026 pour au moins permettre \u00e0 ce lecteur de parvenir \u00e0 un <em>mode correct<\/em> de l\u2019expos\u00e9 de celle-ci.<\/p>\n<p>Mais o\u00f9 l\u2019on comprend aussi que ce \u00e0 quoi vise essentiellement cet ouvrage \u2013 comme le faisaient d\u2019ailleurs, chacun \u00e0 sa fa\u00e7on, les tomes de la <em>Profondeur<\/em> qui l\u2019ont pr\u00e9c\u00e9d\u00e9 \u2013 n\u2019est pas tant l\u2019exposition d\u2019une \u00ab\u00a0pens\u00e9e\u00a0\u00bb que la pr\u00e9alable <em>destruction<\/em> de certaines cat\u00e9gories qui justement, du fait de leur imposition \u00e0 toute une \u00e9poque intellectuelle de pr\u00e9suppos\u00e9s au fond <em>jamais interrog\u00e9s<\/em>, emp\u00eachent le d\u00e9ploiement de quelque chose comme\u2026 une \u00ab\u00a0pens\u00e9e\u00a0\u00bb : celle que devra alors se constituer <em>lui-m\u00eame<\/em>, s\u2019il parvient sans encombres au bout de sa lecture, le lecteur de cette <em>Porte sur l\u2019\u00e9t\u00e9<\/em>.<\/p>\n<p>&nbsp;<\/p>\n<p><strong>auteur : Pierre Le Coz<\/strong><\/p>\n<p><span style=\"font-family: 'courier new', courier, monospace; font-size: 10pt; color: #999999;\"><strong>Essai \u2013 broch\u00e9 \u2013 14 x 21 cm \u2013 744 pages \u2013 mai 2018\u2013 29 euros<br \/>\nISBN 978-2-86266-764-5<\/strong><\/span><\/p>\n<p><strong>Du m\u00eame auteur<\/strong><\/p>\n<ul>\n<li><a href=\"http:\/\/www.loubatieres.fr\/?p=846\">L\u2019Europe et la profondeur<\/a><\/li>\n<li><a href=\"http:\/\/www.loubatieres.fr\/?p=363\">Trait\u00e9 du M\u00eame<\/a><\/li>\n<li><a href=\"http:\/\/www.loubatieres.fr\/?p=129\">L&rsquo;Empire et le Royaume<\/a><\/li>\n<li><a href=\"http:\/\/www.loubatieres.fr\/?p=1004\">Le Voyage des morts<\/a><\/li>\n<li><a href=\"http:\/\/www.loubatieres.fr\/?p=1734\">Le Secret de la vie<\/a><\/li>\n<li><a href=\"http:\/\/www.loubatieres.fr\/?p=3615\">L&rsquo;Ancien des jours<\/a><\/li>\n<li><a href=\"http:\/\/www.loubatieres.fr\/?p=4131\">Le Pays silencieux<\/a><\/li>\n<li><a href=\"http:\/\/www.loubatieres.fr\/?p=5332\">L&rsquo;Atelier du silence<\/a><\/li>\n<li><a href=\"http:\/\/www.loubatieres.fr\/?p=5585\">Veilleur, o\u00f9 en est la nuit ?<\/a><\/li>\n<\/ul>\n","protected":false},"excerpt":{"rendered":"<p>R\u00e9dig\u00e9e dans le cours de la dramatique ann\u00e9e 2015, cette Porte sur l\u2019\u00e9t\u00e9, dixi\u00e8me tome de L\u2019Europe et la Profondeur, est sans doute le plus \u00ab\u00a0politique\u00a0\u00bb des volumes du \u00ab\u00a0grand r\u00e9cit\u00a0\u00bb de Pierre Le Coz. Mais tonalit\u00e9 qui, comme d\u2019habitude chez cet auteur, n\u2019exclut nullement les relectures (toujours passionn\u00e9es) et interpr\u00e9tations (souvent vertigineuses) de certains <a href=\"https:\/\/www.loubatieres.fr\/?p=5990\" class=\"more-link\">[&#8230;]<span class=\"screen-reader-text\">  Une porte sur l&rsquo;\u00e9t\u00e9<\/span><\/a><\/p>\n","protected":false},"author":1,"featured_media":5993,"comment_status":"closed","ping_status":"open","sticky":false,"template":"","format":"standard","meta":[],"categories":[1406,1408,1],"tags":[314,36],"_links":{"self":[{"href":"https:\/\/www.loubatieres.fr\/index.php?rest_route=\/wp\/v2\/posts\/5990"}],"collection":[{"href":"https:\/\/www.loubatieres.fr\/index.php?rest_route=\/wp\/v2\/posts"}],"about":[{"href":"https:\/\/www.loubatieres.fr\/index.php?rest_route=\/wp\/v2\/types\/post"}],"author":[{"embeddable":true,"href":"https:\/\/www.loubatieres.fr\/index.php?rest_route=\/wp\/v2\/users\/1"}],"replies":[{"embeddable":true,"href":"https:\/\/www.loubatieres.fr\/index.php?rest_route=%2Fwp%2Fv2%2Fcomments&post=5990"}],"version-history":[{"count":5,"href":"https:\/\/www.loubatieres.fr\/index.php?rest_route=\/wp\/v2\/posts\/5990\/revisions"}],"predecessor-version":[{"id":6463,"href":"https:\/\/www.loubatieres.fr\/index.php?rest_route=\/wp\/v2\/posts\/5990\/revisions\/6463"}],"wp:featuredmedia":[{"embeddable":true,"href":"https:\/\/www.loubatieres.fr\/index.php?rest_route=\/wp\/v2\/media\/5993"}],"wp:attachment":[{"href":"https:\/\/www.loubatieres.fr\/index.php?rest_route=%2Fwp%2Fv2%2Fmedia&parent=5990"}],"wp:term":[{"taxonomy":"category","embeddable":true,"href":"https:\/\/www.loubatieres.fr\/index.php?rest_route=%2Fwp%2Fv2%2Fcategories&post=5990"},{"taxonomy":"post_tag","embeddable":true,"href":"https:\/\/www.loubatieres.fr\/index.php?rest_route=%2Fwp%2Fv2%2Ftags&post=5990"}],"curies":[{"name":"wp","href":"https:\/\/api.w.org\/{rel}","templated":true}]}}