{"id":6093,"date":"2020-11-20T18:13:33","date_gmt":"2020-11-20T17:13:33","guid":{"rendered":"http:\/\/www.loubatieres.fr\/?p=6093"},"modified":"2026-04-13T17:20:02","modified_gmt":"2026-04-13T16:20:02","slug":"les-republicains-espagnols-a-rivesaltes","status":"publish","type":"post","link":"https:\/\/www.loubatieres.fr\/?p=6093","title":{"rendered":"Les r\u00e9publicains espagnols \u00e0 Rivesaltes"},"content":{"rendered":"<p class=\"p1\" style=\"text-align: justify;\">\u00c0 partir de janvier 1941, des familles de r\u00e9publicains espagnols arrivent au camp de Rivesaltes. Un camp de plus sur leur long parcours d\u2019ind\u00e9sirables. Pendant toute l\u2019existence du camp, les Espagnols repr\u00e9sentent toujours plus de la moiti\u00e9 des effectifs des intern\u00e9s.<\/p>\n<p class=\"p1\" style=\"text-align: justify;\"><span class=\"s1\">Longtemps pass\u00e9 sous silence, cet enfermement de familles enti\u00e8res resurgit ici dans les m\u00e9moires et dans l\u2019histoire. Si les hommes sont incorpor\u00e9s dans les groupements de travailleurs \u00e9trangers (GTE) mis en place par le r\u00e9gime de Vichy, femmes et enfants restent confin\u00e9s dans ce lieu inhospitalier, glacial en hiver et torride en \u00e9t\u00e9, o\u00f9 r\u00e8gnent la promiscuit\u00e9, l\u2019insalubrit\u00e9 et la faim. O\u00f9 la mort r\u00f4de, notamment autour des enfants les plus jeunes, malgr\u00e9 l\u2019aide apport\u00e9e par des \u0153uvres d\u2019assistance d\u00e9pass\u00e9es par l\u2019ampleur de la t\u00e2che. <\/span><\/p>\n<p class=\"p1\" style=\"text-align: justify;\">Sur les chemins de l\u2019exil depuis 1939, parfois depuis plus longtemps, ces familles espagnoles ont connu les al\u00e9as de centres d\u2019h\u00e9bergement r\u00e9partis sur tout le territoire puis les camps lorsque ces refuges ferment. Ces femmes et ces enfants sont alors transf\u00e9r\u00e9s \u00e0 Rivesaltes, surtout lorsque le camp d\u2019Argel\u00e8s est \u00e9vacu\u00e9 suite aux inondations de l\u2019automne 1940. Si le camp de Rivesaltes n\u2019est pas le premier pour les r\u00e9fugi\u00e9s espagnols, il n\u2019est pas non plus le dernier, puisqu\u2019ils seront pour beaucoup transf\u00e9r\u00e9s \u00e0 Gurs en novembre 1942. Certains connaissent ainsi de multiples camps entre 1939 et 1944, transf\u00e9r\u00e9s sans cesse de l\u2019un \u00e0 l\u2019autre.<\/p>\n<p class=\"p1\" style=\"text-align: justify;\">Douze t\u00e9moignages \u00e9manant de cinq femmes et de sept hommes, n\u00e9s entre 1924 et 1939, \u00e9voquent cet univers d\u2019enfermement et d\u2019arbitraire. Ils sont pr\u00e9sent\u00e9s, contextualis\u00e9s et mis en perspective par une historienne sp\u00e9cialiste de l\u2019exil r\u00e9publicain espagnol.<\/p>\n<p><strong>auteur : Genevi\u00e8ve Dreyfus-Armand<br \/>\n<\/strong><\/p>\n<p>collection <em>R\u00e9cits &amp; T\u00e9moignages<\/em> sous la direction scientifique de Denis Peschanski<\/p>\n<p><strong>Dans la m\u00eame collection<\/strong><\/p>\n<ul>\n<li><a href=\"http:\/\/www.loubatieres.fr\/?p=6011\">Harkis au camp de Rivesaltes<\/a><\/li>\n<\/ul>\n<p>&nbsp;<\/p>\n","protected":false},"excerpt":{"rendered":"<p>\u00c0 partir de janvier 1941, des familles de r\u00e9publicains espagnols arrivent au camp de Rivesaltes. Un camp de plus sur leur long parcours d\u2019ind\u00e9sirables. Pendant toute l\u2019existence du camp, les Espagnols repr\u00e9sentent toujours plus de la moiti\u00e9 des effectifs des intern\u00e9s. Longtemps pass\u00e9 sous silence, cet enfermement de familles enti\u00e8res resurgit ici dans les m\u00e9moires <a href=\"https:\/\/www.loubatieres.fr\/?p=6093\" class=\"more-link\">[&#8230;]<span class=\"screen-reader-text\">  Les r\u00e9publicains espagnols \u00e0 Rivesaltes<\/span><\/a><\/p>\n","protected":false},"author":1,"featured_media":6094,"comment_status":"closed","ping_status":"open","sticky":false,"template":"","format":"standard","meta":[],"categories":[1566],"tags":[1582,1570,1585,1583,1581,1584,763],"_links":{"self":[{"href":"https:\/\/www.loubatieres.fr\/index.php?rest_route=\/wp\/v2\/posts\/6093"}],"collection":[{"href":"https:\/\/www.loubatieres.fr\/index.php?rest_route=\/wp\/v2\/posts"}],"about":[{"href":"https:\/\/www.loubatieres.fr\/index.php?rest_route=\/wp\/v2\/types\/post"}],"author":[{"embeddable":true,"href":"https:\/\/www.loubatieres.fr\/index.php?rest_route=\/wp\/v2\/users\/1"}],"replies":[{"embeddable":true,"href":"https:\/\/www.loubatieres.fr\/index.php?rest_route=%2Fwp%2Fv2%2Fcomments&post=6093"}],"version-history":[{"count":7,"href":"https:\/\/www.loubatieres.fr\/index.php?rest_route=\/wp\/v2\/posts\/6093\/revisions"}],"predecessor-version":[{"id":6270,"href":"https:\/\/www.loubatieres.fr\/index.php?rest_route=\/wp\/v2\/posts\/6093\/revisions\/6270"}],"wp:featuredmedia":[{"embeddable":true,"href":"https:\/\/www.loubatieres.fr\/index.php?rest_route=\/wp\/v2\/media\/6094"}],"wp:attachment":[{"href":"https:\/\/www.loubatieres.fr\/index.php?rest_route=%2Fwp%2Fv2%2Fmedia&parent=6093"}],"wp:term":[{"taxonomy":"category","embeddable":true,"href":"https:\/\/www.loubatieres.fr\/index.php?rest_route=%2Fwp%2Fv2%2Fcategories&post=6093"},{"taxonomy":"post_tag","embeddable":true,"href":"https:\/\/www.loubatieres.fr\/index.php?rest_route=%2Fwp%2Fv2%2Ftags&post=6093"}],"curies":[{"name":"wp","href":"https:\/\/api.w.org\/{rel}","templated":true}]}}