{"id":6129,"date":"2020-11-22T08:48:57","date_gmt":"2020-11-22T07:48:57","guid":{"rendered":"http:\/\/www.loubatieres.fr\/?p=6129"},"modified":"2023-01-08T17:52:29","modified_gmt":"2023-01-08T16:52:29","slug":"le-paradis-des-orages","status":"publish","type":"post","link":"https:\/\/www.loubatieres.fr\/?p=6129","title":{"rendered":"Le Paradis des orages"},"content":{"rendered":"<p class=\"p1\">Dans ce treizi\u00e8me tome de <i>L\u2019Europe et la Profondeur<\/i>, \u00e0 partir d\u2019analyses, tant picturales (C\u00e9zanne, Van Gogh, Lascaux, Vermeer, Picasso) que po\u00e9tiques (Rimbaud, H\u00f6lderlin, Rilke), Pierre Le Coz ne tente rien de moins que de raconter l\u2019histoire des rapports que, depuis son origine, l\u2019esp\u00e8ce humaine entretient avec l\u2019<i>image<\/i>.<\/p>\n<p class=\"p1\">Et cela comme si la capacit\u00e9 de cette esp\u00e8ce \u00e0 \u00ab\u202ffabriquer des images\u202f\u00bb constituait, avant m\u00eame peut-\u00eatre le langage, sa v\u00e9ritable essence\u2009: de signature donc, non tant d\u2019abord \u00ab\u202fpo\u00e9tique\u202f\u00bb que <i>picturale<\/i>. L\u2019homme, avant que d\u2019\u00eatre l\u2019<i>homo sapiens<\/i> de notre moderne anthropologie, serait-il cet <i>homo pictor<\/i>\u2009: la cr\u00e9ature qui, pour avoir loisir de configurer le chaos ph\u00e9nom\u00e9nal d\u2019un \u00ab\u202funivers sans images\u202f\u00bb (Rimbaud) en un monde de\/du <i>sens<\/i>, doit faire passer cet univers au filtre de l\u2019\u00e9laboration \u2013 par traitement pr\u00e9alable de celui-ci en \u00ab\u202fmotifs\u202f\u00bb \u2013 de telles images\u2009? Il faut donc lire ce <i>Paradis des orages<\/i> comme une sorte de plong\u00e9e g\u00e9n\u00e9alogico-pensive dans l\u2019ab\u00eeme du temps en direction de l\u2019origine de notre propre esp\u00e8ce\u2009: comment l\u2019homme est devenu \u00ab\u202fhumain\u202f\u00bb par cette facult\u00e9 qu\u2019il a d\u00e9velopp\u00e9e de tirer-\u00ab\u202ffigure\u202f\u00bb-de\/isoler-en-\u00ab\u202fmotifs\u202f\u00bb les choses qui l\u2019environnent.<\/p>\n<p><b>Auteur : Pierre Le Coz<\/b><\/p>\n","protected":false},"excerpt":{"rendered":"<p>Dans ce treizi\u00e8me tome de L\u2019Europe et la Profondeur, \u00e0 partir d\u2019analyses, tant picturales (C\u00e9zanne, Van Gogh, Lascaux, Vermeer, Picasso) que po\u00e9tiques (Rimbaud, H\u00f6lderlin, Rilke), Pierre Le Coz ne tente rien de moins que de raconter l\u2019histoire des rapports que, depuis son origine, l\u2019esp\u00e8ce humaine entretient avec l\u2019image. Et cela comme si la capacit\u00e9 de <a href=\"https:\/\/www.loubatieres.fr\/?p=6129\" class=\"more-link\">[&#8230;]<span class=\"screen-reader-text\">  Le Paradis des orages<\/span><\/a><\/p>\n","protected":false},"author":1,"featured_media":6099,"comment_status":"closed","ping_status":"open","sticky":false,"template":"","format":"standard","meta":[],"categories":[1408],"tags":[323,1624,303,1091,1625],"_links":{"self":[{"href":"https:\/\/www.loubatieres.fr\/index.php?rest_route=\/wp\/v2\/posts\/6129"}],"collection":[{"href":"https:\/\/www.loubatieres.fr\/index.php?rest_route=\/wp\/v2\/posts"}],"about":[{"href":"https:\/\/www.loubatieres.fr\/index.php?rest_route=\/wp\/v2\/types\/post"}],"author":[{"embeddable":true,"href":"https:\/\/www.loubatieres.fr\/index.php?rest_route=\/wp\/v2\/users\/1"}],"replies":[{"embeddable":true,"href":"https:\/\/www.loubatieres.fr\/index.php?rest_route=%2Fwp%2Fv2%2Fcomments&post=6129"}],"version-history":[{"count":3,"href":"https:\/\/www.loubatieres.fr\/index.php?rest_route=\/wp\/v2\/posts\/6129\/revisions"}],"predecessor-version":[{"id":6262,"href":"https:\/\/www.loubatieres.fr\/index.php?rest_route=\/wp\/v2\/posts\/6129\/revisions\/6262"}],"wp:featuredmedia":[{"embeddable":true,"href":"https:\/\/www.loubatieres.fr\/index.php?rest_route=\/wp\/v2\/media\/6099"}],"wp:attachment":[{"href":"https:\/\/www.loubatieres.fr\/index.php?rest_route=%2Fwp%2Fv2%2Fmedia&parent=6129"}],"wp:term":[{"taxonomy":"category","embeddable":true,"href":"https:\/\/www.loubatieres.fr\/index.php?rest_route=%2Fwp%2Fv2%2Fcategories&post=6129"},{"taxonomy":"post_tag","embeddable":true,"href":"https:\/\/www.loubatieres.fr\/index.php?rest_route=%2Fwp%2Fv2%2Ftags&post=6129"}],"curies":[{"name":"wp","href":"https:\/\/api.w.org\/{rel}","templated":true}]}}