{"id":6449,"date":"2023-01-08T17:14:10","date_gmt":"2023-01-08T16:14:10","guid":{"rendered":"https:\/\/www.loubatieres.fr\/?p=6449"},"modified":"2024-01-13T18:00:05","modified_gmt":"2024-01-13T17:00:05","slug":"levenement-de-la-verite","status":"publish","type":"post","link":"https:\/\/www.loubatieres.fr\/?p=6449","title":{"rendered":"L&rsquo;\u00c9v\u00e9nement de la v\u00e9rit\u00e9"},"content":{"rendered":"<p class=\"p1\">Cet \u00c9v\u00e9nement de la v\u00e9rit\u00e9, quinzi\u00e8me tome de <i>L\u2019Europe et la Profondeur<\/i>, peut d\u2019abord \u00eatre abord\u00e9 par son lecteur comme une sorte de \u00ab\u00a0bloc de pure m\u00e9taphysique\u00a0\u00bb \u2013 o\u00f9 il serait notamment proc\u00e9d\u00e9 aux analyses des notions de \u00ab\u00a0monde (con-figur\u00e9) et d\u2019univers (in-diff\u00e9renci\u00e9)\u00a0\u00bb, voire \u00e0 celles de \u00ab\u00a0(strict) litt\u00e9raire\u00a0\u00bb et de \u00ab\u00a0(pur) scripturaire\u00a0\u00bb introduites par l\u2019auteur dans le cours de l\u2019\u00e9criture de son tome pr\u00e9c\u00e9dent, <i>Le Bruit du temps<\/i> \u2013 ; m\u00eame si, comme d\u2019habitude dans le \u00ab grand r\u00e9cit \u00bb de Pierre Le Coz, se sont gliss\u00e9es, dans les interstices de telles m\u00e9ditations, souvent abyssales et vertigineuses, des consid\u00e9rations relevant, elles, de l\u2019actualit\u00e9 la plus pratique et la plus br\u00fblante de notre temps : c\u2019est ainsi qu\u2019on trouvera notamment, dans cet \u00c9v\u00e9nement, une longue et peu ou prou \u00e9tonnante analyse consacr\u00e9e \u00e0 cette r\u00e9volte des \u00ab Gilets jaunes \u00bb\u2026 qui \u00e9clata justement dans le moment de la r\u00e9daction de l\u2019ouvrage. [\u2026]<\/p>\n<p>Auteur : <strong>Pierre Le Coz<\/strong><\/p>\n","protected":false},"excerpt":{"rendered":"<p>Cet \u00c9v\u00e9nement de la v\u00e9rit\u00e9, quinzi\u00e8me tome de L\u2019Europe et la Profondeur, peut d\u2019abord \u00eatre abord\u00e9 par son lecteur comme une sorte de \u00ab\u00a0bloc de pure m\u00e9taphysique\u00a0\u00bb \u2013 o\u00f9 il serait notamment proc\u00e9d\u00e9 aux analyses des notions de \u00ab\u00a0monde (con-figur\u00e9) et d\u2019univers (in-diff\u00e9renci\u00e9)\u00a0\u00bb, voire \u00e0 celles de \u00ab\u00a0(strict) litt\u00e9raire\u00a0\u00bb et de \u00ab\u00a0(pur) scripturaire\u00a0\u00bb introduites par <a href=\"https:\/\/www.loubatieres.fr\/?p=6449\" class=\"more-link\">[&#8230;]<span class=\"screen-reader-text\">  L&rsquo;\u00c9v\u00e9nement de la v\u00e9rit\u00e9<\/span><\/a><\/p>\n","protected":false},"author":1,"featured_media":6446,"comment_status":"closed","ping_status":"open","sticky":false,"template":"","format":"standard","meta":[],"categories":[1406,1408],"tags":[314,1091,36],"_links":{"self":[{"href":"https:\/\/www.loubatieres.fr\/index.php?rest_route=\/wp\/v2\/posts\/6449"}],"collection":[{"href":"https:\/\/www.loubatieres.fr\/index.php?rest_route=\/wp\/v2\/posts"}],"about":[{"href":"https:\/\/www.loubatieres.fr\/index.php?rest_route=\/wp\/v2\/types\/post"}],"author":[{"embeddable":true,"href":"https:\/\/www.loubatieres.fr\/index.php?rest_route=\/wp\/v2\/users\/1"}],"replies":[{"embeddable":true,"href":"https:\/\/www.loubatieres.fr\/index.php?rest_route=%2Fwp%2Fv2%2Fcomments&post=6449"}],"version-history":[{"count":2,"href":"https:\/\/www.loubatieres.fr\/index.php?rest_route=\/wp\/v2\/posts\/6449\/revisions"}],"predecessor-version":[{"id":6459,"href":"https:\/\/www.loubatieres.fr\/index.php?rest_route=\/wp\/v2\/posts\/6449\/revisions\/6459"}],"wp:featuredmedia":[{"embeddable":true,"href":"https:\/\/www.loubatieres.fr\/index.php?rest_route=\/wp\/v2\/media\/6446"}],"wp:attachment":[{"href":"https:\/\/www.loubatieres.fr\/index.php?rest_route=%2Fwp%2Fv2%2Fmedia&parent=6449"}],"wp:term":[{"taxonomy":"category","embeddable":true,"href":"https:\/\/www.loubatieres.fr\/index.php?rest_route=%2Fwp%2Fv2%2Fcategories&post=6449"},{"taxonomy":"post_tag","embeddable":true,"href":"https:\/\/www.loubatieres.fr\/index.php?rest_route=%2Fwp%2Fv2%2Ftags&post=6449"}],"curies":[{"name":"wp","href":"https:\/\/api.w.org\/{rel}","templated":true}]}}