{"id":6566,"date":"2024-12-23T18:58:41","date_gmt":"2024-12-23T17:58:41","guid":{"rendered":"https:\/\/www.loubatieres.fr\/?p=6566"},"modified":"2025-01-22T08:35:28","modified_gmt":"2025-01-22T07:35:28","slug":"brigitte-aubignac","status":"publish","type":"post","link":"https:\/\/www.loubatieres.fr\/?p=6566","title":{"rendered":"Brigitte Aubignac"},"content":{"rendered":"<p class=\"p2\"><b> <\/b><span class=\"s2\"><b>Le mus\u00e9e Paul Val\u00e9ry <\/b><\/span>inaugurait il y a dix ans sa premi\u00e8re biennale de la s\u00e9rie des \u00ab 4 \u00e0 4 \u00bb : le visiteur \u00e9tait invit\u00e9 \u00e0 parcourir l\u2019exposition de quatre artistes contemporains diff\u00e9rents, chacun pr\u00e9sent\u00e9 dans son espace, sans aucun th\u00e8me f\u00e9d\u00e9rateur. Avec \u00ab 4 \u00e0 4 \u00bb, <strong>\u00ab En regard \u00bb<\/strong> partage l\u2019ambition de faire d\u00e9couvrir des artistes d\u2019aujourd\u2019hui hors de toute volont\u00e9 d\u00e9monstrative pr\u00e9existante. [\u2026]<\/p>\n<p class=\"p2\">Dans les cinq s\u00e9ries pr\u00e9sent\u00e9es, toutes r\u00e9alis\u00e9es entre 2003 et 2024, <strong>Brigitte Aubignac<\/strong> se joue avec finesse des attentes du regardeur et trouve l\u00e0, dans l\u2019interstice du jeu, un espace de libert\u00e9. Elle le fait avec la pleine ma\u00eetrise des moyens techniques qu\u2019elle a enseign\u00e9s et surtout dans la conscience parfaite des ressources de la peinture. La simplicit\u00e9 et la gr\u00e2ce du naturel dont est habituellement investi le mod\u00e8le \u00e0 la toilette n\u2019ont ainsi plus cours dans la s\u00e9rie des \u00ab Maquillages \u00bb. Les d\u00e9formations et les grimaces, parfois poursuivies sur le chant du tableau, ont l\u2019\u00e9l\u00e9gance de faire sourire. [\u2026]<\/p>\n<p class=\"p1\">Sous la direction de\u00a0<strong>St\u00e9phane Tarroux<\/strong>, conservateur en chef du patrimoine, directeur du mus\u00e9e Paul Val\u00e9ry de S\u00e8te. Textes de\u00a0<strong>Dominique Stella<\/strong>\u00a0<span class=\"Apple-converted-space\">;\u00a0<\/span><strong>Claire Jacquet<\/strong>\u2009;\u00a0<strong>St\u00e9phane Tarroux<\/strong>.<\/p>\n<p><strong>Co\u00e9dition Mus\u00e9e Paul Val\u00e9ry \/ \u00e9ditions Loubati\u00e8res<\/strong><\/p>\n","protected":false},"excerpt":{"rendered":"<p>Le mus\u00e9e Paul Val\u00e9ry inaugurait il y a dix ans sa premi\u00e8re biennale de la s\u00e9rie des \u00ab 4 \u00e0 4 \u00bb : le visiteur \u00e9tait invit\u00e9 \u00e0 parcourir l\u2019exposition de quatre artistes contemporains diff\u00e9rents, chacun pr\u00e9sent\u00e9 dans son espace, sans aucun th\u00e8me f\u00e9d\u00e9rateur. Avec \u00ab 4 \u00e0 4 \u00bb, \u00ab En regard \u00bb partage <a href=\"https:\/\/www.loubatieres.fr\/?p=6566\" class=\"more-link\">[&#8230;]<span class=\"screen-reader-text\">  Brigitte Aubignac<\/span><\/a><\/p>\n","protected":false},"author":1,"featured_media":6567,"comment_status":"closed","ping_status":"open","sticky":false,"template":"","format":"standard","meta":[],"categories":[1572,1491,1417,1703,1678,1685,1597,1676],"tags":[],"_links":{"self":[{"href":"https:\/\/www.loubatieres.fr\/index.php?rest_route=\/wp\/v2\/posts\/6566"}],"collection":[{"href":"https:\/\/www.loubatieres.fr\/index.php?rest_route=\/wp\/v2\/posts"}],"about":[{"href":"https:\/\/www.loubatieres.fr\/index.php?rest_route=\/wp\/v2\/types\/post"}],"author":[{"embeddable":true,"href":"https:\/\/www.loubatieres.fr\/index.php?rest_route=\/wp\/v2\/users\/1"}],"replies":[{"embeddable":true,"href":"https:\/\/www.loubatieres.fr\/index.php?rest_route=%2Fwp%2Fv2%2Fcomments&post=6566"}],"version-history":[{"count":1,"href":"https:\/\/www.loubatieres.fr\/index.php?rest_route=\/wp\/v2\/posts\/6566\/revisions"}],"predecessor-version":[{"id":6568,"href":"https:\/\/www.loubatieres.fr\/index.php?rest_route=\/wp\/v2\/posts\/6566\/revisions\/6568"}],"wp:featuredmedia":[{"embeddable":true,"href":"https:\/\/www.loubatieres.fr\/index.php?rest_route=\/wp\/v2\/media\/6567"}],"wp:attachment":[{"href":"https:\/\/www.loubatieres.fr\/index.php?rest_route=%2Fwp%2Fv2%2Fmedia&parent=6566"}],"wp:term":[{"taxonomy":"category","embeddable":true,"href":"https:\/\/www.loubatieres.fr\/index.php?rest_route=%2Fwp%2Fv2%2Fcategories&post=6566"},{"taxonomy":"post_tag","embeddable":true,"href":"https:\/\/www.loubatieres.fr\/index.php?rest_route=%2Fwp%2Fv2%2Ftags&post=6566"}],"curies":[{"name":"wp","href":"https:\/\/api.w.org\/{rel}","templated":true}]}}